{"id":89444,"date":"2026-01-25T10:49:00","date_gmt":"2026-01-25T16:49:00","guid":{"rendered":"https:\/\/zonaroja.com.mx\/?p=89444"},"modified":"2026-01-25T06:51:07","modified_gmt":"2026-01-25T12:51:07","slug":"en-educacion-hay-simulacion-de-soluciones-seccion-22-del-snte","status":"publish","type":"post","link":"https:\/\/zonaroja.com.mx\/?p=89444","title":{"rendered":"En educaci\u00f3n, hay simulaci\u00f3n de soluciones: Secci\u00f3n 22 del SNTE"},"content":{"rendered":"\n<p>Ismael Garc\u00eda M.\/Zona Roja. Foto: Archivo.<\/p>\n\n\n\n<p>Oaxaca, Oax., a 25 de enero de 2026.- \u201cEn materia educativa, el gobierno estatal reproduce la l\u00f3gica del obradorismo: administrar el conflicto sin resolver los problemas estructurales.<\/p>\n\n\n\n<p>\u201cDesde la reforma educativa y la imposici\u00f3n del nuevo lEEPO, las problem\u00e1ticas de fondo en la educaci\u00f3n oaxaque\u00f1a no han sido atendidas. El Instituto desconoce las realidades operativas, organizativas y acad\u00e9micas de cada nivel educativo, mientras que los recursos federales destinados a la educaci\u00f3n se ejercen con total opacidad\u201d.<\/p>\n\n\n\n<p>As\u00ed lo se\u00f1al\u00f3 la Secci\u00f3n 22 del Sindicato Nacional de Trabajadores de la Educaci\u00f3n (SNTE), al fijar ayer un posicionamiento general \u2014que incluye el rechazo al proceso de Revocaci\u00f3n de Mandato\u2014, como parte de los acuerdos de su octavo prepleno.<\/p>\n\n\n\n<p>Expuso que la movilizaci\u00f3n permanente del Movimiento Democr\u00e1tico ha sido fundamental para exigir el cumplimiento de derechos que corresponden por ley; \u201csin embargo, el gobierno insiste en una estrategia dilatoria basada en paliativos, evitando una soluci\u00f3n estructural de fondo\u201d.<\/p>\n\n\n\n<p>En materia de salud, la gremial se\u00f1al\u00f3 que el sistema p\u00fablico se encuentra colapsado: hospitales sin insumos, falta de medicamentos y cl\u00ednicas abandonadas.&nbsp;<\/p>\n\n\n\n<p>En seguridad, los \u00edndices delictivos han aumentado y la presencia del crimen organizado se ha extendido en diversas regiones, particularmente en la Cuenca del Papaloapan, la Costa y el Istmo.&nbsp;<\/p>\n\n\n\n<p>Los feminicidios, desapariciones forzadas y el asesinato de defensores del territorio y de los derechos humanos persisten como una herida abierta en este sexenio, abund\u00f3 en su posicionamiento.<\/p>\n\n\n\n<p>\u201cEn el \u00e1mbito econ\u00f3mico, el gobierno mantiene el mismo modelo que favorece a grandes empresarios, en su mayor\u00eda extranjeros, profundizando procesos de turistificaci\u00f3n y gentrificaci\u00f3n que encarecen el acceso a la vivienda y expulsan a las comunidades de sus territorios\u201d.&nbsp;<\/p>\n\n\n\n<p>Agreg\u00f3 que los megaproyectos, como el Corredor Interoce\u00e1nico, avanzan sin beneficiar a los pueblos que han denunciado afectaciones graves a su territorio y medio ambiente.&nbsp;<\/p>\n\n\n\n<p>COACCI\u00d3N DEL VOTO<\/p>\n\n\n\n<p>El magisterio acus\u00f3 que, de manera institucional, se ha promovido y cooptado el voto a favor del gobernador (Salom\u00f3n Jara) mediante el uso faccioso de los programas sociales, condicionando los apoyos y amenazando a la poblaci\u00f3n con su cancelaci\u00f3n en caso de un resultado adverso.&nbsp;<\/p>\n\n\n\n<p>Esta pr\u00e1ctica de coacci\u00f3n, heredada de gobiernos anteriores, se expresa tambi\u00e9n en la presi\u00f3n a autoridades municipales y en el uso de acarreados para eventos proselitistas, con lo cual se construye una narrativa triunfalista que no corresponde con la realidad que vive el pueblo.<\/p>\n\n\n\n<p>En ese contexto, durante la conferencia de prensa de ayer en la capital oaxaque\u00f1a, la Secci\u00f3n 22 insisti\u00f3 que la Revocaci\u00f3n del Mandato es una \u201csimulaci\u00f3n pol\u00edtica al no responder a las demandas leg\u00edtimas del pueblo ni garantizar una participaci\u00f3n plena, consciente e informada de la sociedad, por tanto, carece de legitimidad popular y su funcion principal es legitimar al gobierno en turno y fortalecer la funcionalidad del sistema electoral, no transformar las condiciones de vida del pueblo.<\/p>\n\n\n\n<p>Dijo que a pesar de la existencia de reglas claras establecidas por el Instituto Estatal Electoral y de Participaci\u00f3n Ciudadana de Oaxaca (IEEPCO), el gobierno estatal ha desplegado una intensa campa\u00f1a de propaganda a su favor, replicando pr\u00e1cticas propias de los gobiernos pristas y panistas que tanto da\u00f1o causaron al pa\u00eds.&nbsp;<\/p>\n\n\n\n<p>EL LLAMADO<\/p>\n\n\n\n<p>Ante este escenario, la Secci\u00f3n 22 hizo un llamado al pueblo de Oaxaca a fortalecer la organizaci\u00f3n popular, la conciencia cr\u00edtica y la lucha colectiva contra \u201ceste sistema pol\u00edtico que se recicla sexenio tras sexenio\u201d.&nbsp;<\/p>\n\n\n\n<p>La transformaci\u00f3n real no vendr\u00e1 de ejercicios simulados ni de gobiernos que administran la miseria, sino de la organizaci\u00f3n desde abajo, puntualiz\u00f3.<\/p>\n\n\n\n<p>\u201cDeclaramos que gobierne quien gobierne, los derechos se defienden, y que la verdadera democracia no se reduce a las urnas, sino se construye en la lucha organizada del pueblo\u201d.<\/p>\n","protected":false},"excerpt":{"rendered":"<p>Ismael Garc\u00eda M.\/Zona Roja. Foto: Archivo. Oaxaca, Oax., a 25 de enero de 2026.- \u201cEn&hellip;<\/p>\n","protected":false},"author":2,"featured_media":86344,"comment_status":"closed","ping_status":"open","sticky":false,"template":"","format":"standard","meta":{"_lmt_disableupdate":"","_lmt_disable":"","_jetpack_memberships_contains_paid_content":false,"footnotes":""},"categories":[109,47],"tags":[312],"class_list":["post-89444","post","type-post","status-publish","format-standard","has-post-thumbnail","hentry","category-minuto-a-minuto","category-zona-gris","tag-seccion-22-del-snte"],"jetpack_featured_media_url":"https:\/\/zonaroja.com.mx\/wp-content\/uploads\/2025\/10\/Protesta-Seccion-22-SNTE.jpg","jetpack_sharing_enabled":true,"_links":{"self":[{"href":"https:\/\/zonaroja.com.mx\/index.php?rest_route=\/wp\/v2\/posts\/89444","targetHints":{"allow":["GET"]}}],"collection":[{"href":"https:\/\/zonaroja.com.mx\/index.php?rest_route=\/wp\/v2\/posts"}],"about":[{"href":"https:\/\/zonaroja.com.mx\/index.php?rest_route=\/wp\/v2\/types\/post"}],"author":[{"embeddable":true,"href":"https:\/\/zonaroja.com.mx\/index.php?rest_route=\/wp\/v2\/users\/2"}],"replies":[{"embeddable":true,"href":"https:\/\/zonaroja.com.mx\/index.php?rest_route=%2Fwp%2Fv2%2Fcomments&post=89444"}],"version-history":[{"count":1,"href":"https:\/\/zonaroja.com.mx\/index.php?rest_route=\/wp\/v2\/posts\/89444\/revisions"}],"predecessor-version":[{"id":89445,"href":"https:\/\/zonaroja.com.mx\/index.php?rest_route=\/wp\/v2\/posts\/89444\/revisions\/89445"}],"wp:featuredmedia":[{"embeddable":true,"href":"https:\/\/zonaroja.com.mx\/index.php?rest_route=\/wp\/v2\/media\/86344"}],"wp:attachment":[{"href":"https:\/\/zonaroja.com.mx\/index.php?rest_route=%2Fwp%2Fv2%2Fmedia&parent=89444"}],"wp:term":[{"taxonomy":"category","embeddable":true,"href":"https:\/\/zonaroja.com.mx\/index.php?rest_route=%2Fwp%2Fv2%2Fcategories&post=89444"},{"taxonomy":"post_tag","embeddable":true,"href":"https:\/\/zonaroja.com.mx\/index.php?rest_route=%2Fwp%2Fv2%2Ftags&post=89444"}],"curies":[{"name":"wp","href":"https:\/\/api.w.org\/{rel}","templated":true}]}}