{"id":89448,"date":"2026-01-25T12:45:00","date_gmt":"2026-01-25T18:45:00","guid":{"rendered":"https:\/\/zonaroja.com.mx\/?p=89448"},"modified":"2026-01-25T07:00:24","modified_gmt":"2026-01-25T13:00:24","slug":"identifican-a-pareja-ejecutada-en-juchitan-oaxaca","status":"publish","type":"post","link":"https:\/\/zonaroja.com.mx\/?p=89448","title":{"rendered":"Identifican a pareja ejecutada en Juchit\u00e1n, Oaxaca"},"content":{"rendered":"\n<p>Raymundo Morales\/Zona Roja.<\/p>\n\n\n\n<p>Oaxaca, Oax., a 25 de enero de 2026.- Como Alberto C.G. y Diana V. R. fueron identificadas las dos personas asesinadas la madrugada del pasado viernes en Juchit\u00e1n de Zaragoza.<\/p>\n\n\n\n<p>Ambos cuerpos presentaban huellas de tortura y ejecuci\u00f3n, confirmaron fuentes ministeriales del caso.<\/p>\n\n\n\n<p>La pareja fue localizada en el interior de un veh\u00edculo de reciente modelo, marca Volkswagen sin placas de circulaci\u00f3n, en inmediaciones de la colonia Zapoteca, Octava Secci\u00f3n de dicho municipio de la regi\u00f3n del Istmo.<\/p>\n\n\n\n<p>De acuerdo con los primeros datos, el individuo pertenec\u00eda a una organizaci\u00f3n social y era originario de Santa Cruz Xoxocotl\u00e1n, mientras que la mujer era originaria de San Pedro Mixtepec, donde laboraba como empleada.<\/p>\n\n\n\n<p>Hasta el momento se desconocen las causas por las cuales fueron ejecutados con sa\u00f1a; tampoco se sabe de la identidad del o de los agresores.<\/p>\n\n\n\n<p>La Fiscal\u00eda General del Estado de Oaxaca, a trav\u00e9s de la Vicefiscal\u00eda Regional del Istmo, continua con las indagatorias correspondientes.<\/p>\n\n\n\n<p>Hasta el momento, el ayuntamiento de Juchit\u00e1n, que preside el morenista Miguel S\u00e1nchez Altamirano, ha guardado silencio respecto a la ola de cr\u00edmenes y se ha abocado a presidir reuniones proselitistas junto con el director del Instituto Estatal de Educaci\u00f3n P\u00fablica, Emilio Montero P\u00e9rez, seg\u00fan fotograf\u00edas que ellos mismos han difundido en redes sociales.<\/p>\n","protected":false},"excerpt":{"rendered":"<p>Raymundo Morales\/Zona Roja. Oaxaca, Oax., a 25 de enero de 2026.- Como Alberto C.G. y&hellip;<\/p>\n","protected":false},"author":2,"featured_media":89394,"comment_status":"closed","ping_status":"open","sticky":false,"template":"","format":"standard","meta":{"_lmt_disableupdate":"","_lmt_disable":"","_jetpack_memberships_contains_paid_content":false,"footnotes":""},"categories":[109,51],"tags":[123],"class_list":["post-89448","post","type-post","status-publish","format-standard","has-post-thumbnail","hentry","category-minuto-a-minuto","category-zona-roja","tag-juchitan-de-zaragoza"],"jetpack_featured_media_url":"https:\/\/zonaroja.com.mx\/wp-content\/uploads\/2026\/01\/Ejecutados-pareja-Juchitan.jpg","jetpack_sharing_enabled":true,"_links":{"self":[{"href":"https:\/\/zonaroja.com.mx\/index.php?rest_route=\/wp\/v2\/posts\/89448","targetHints":{"allow":["GET"]}}],"collection":[{"href":"https:\/\/zonaroja.com.mx\/index.php?rest_route=\/wp\/v2\/posts"}],"about":[{"href":"https:\/\/zonaroja.com.mx\/index.php?rest_route=\/wp\/v2\/types\/post"}],"author":[{"embeddable":true,"href":"https:\/\/zonaroja.com.mx\/index.php?rest_route=\/wp\/v2\/users\/2"}],"replies":[{"embeddable":true,"href":"https:\/\/zonaroja.com.mx\/index.php?rest_route=%2Fwp%2Fv2%2Fcomments&post=89448"}],"version-history":[{"count":1,"href":"https:\/\/zonaroja.com.mx\/index.php?rest_route=\/wp\/v2\/posts\/89448\/revisions"}],"predecessor-version":[{"id":89449,"href":"https:\/\/zonaroja.com.mx\/index.php?rest_route=\/wp\/v2\/posts\/89448\/revisions\/89449"}],"wp:featuredmedia":[{"embeddable":true,"href":"https:\/\/zonaroja.com.mx\/index.php?rest_route=\/wp\/v2\/media\/89394"}],"wp:attachment":[{"href":"https:\/\/zonaroja.com.mx\/index.php?rest_route=%2Fwp%2Fv2%2Fmedia&parent=89448"}],"wp:term":[{"taxonomy":"category","embeddable":true,"href":"https:\/\/zonaroja.com.mx\/index.php?rest_route=%2Fwp%2Fv2%2Fcategories&post=89448"},{"taxonomy":"post_tag","embeddable":true,"href":"https:\/\/zonaroja.com.mx\/index.php?rest_route=%2Fwp%2Fv2%2Ftags&post=89448"}],"curies":[{"name":"wp","href":"https:\/\/api.w.org\/{rel}","templated":true}]}}