{"id":8945,"date":"2020-02-19T08:38:58","date_gmt":"2020-02-19T14:38:58","guid":{"rendered":"http:\/\/www.zonaroja.com.mx\/?p=8945"},"modified":"2020-02-19T08:39:02","modified_gmt":"2020-02-19T14:39:02","slug":"recomienda-ieepo-a-escuelas-reforzar-medidas-de-seguridad","status":"publish","type":"post","link":"https:\/\/zonaroja.com.mx\/?p=8945","title":{"rendered":"Recomienda IEEPO a escuelas reforzar medidas de seguridad"},"content":{"rendered":"\n<p>Redacci\u00f3n\/Zona Roja.<\/p>\n\n\n\n<p>Oaxaca de Ju\u00e1rez, Oax., 19 de febrero\nde 2020.- El Instituto Estatal de Educaci\u00f3n P\u00fablica de Oaxaca (IEEPO) recomend\u00f3\na las autoridades escolares reforzar las medidas de seguridad para la entrada y\nsalida de estudiantes de los planteles educativos en la entidad, con la\nfinalidad de salvaguardar la integridad de los menores de edad.<\/p>\n\n\n\n<p>Indic\u00f3 que respetando la autonom\u00eda de\ncada escuela, los planteles escolares deben organizarse y de acuerdo a su\nreglamento, establecer los procedimientos correspondientes para la entrega de\nlas y los estudiantes.<\/p>\n\n\n\n<p>En el caso de nivel primaria, puede ser\na trav\u00e9s de una acreditaci\u00f3n en donde se maneje un tarjet\u00f3n con el nombre y\nfotograf\u00eda de las madres, padres, familiares o tutores para que puedan acudir\npor la alumna o alumno.<\/p>\n\n\n\n<p>As\u00ed tambi\u00e9n, el docente de guardia es\nel encargado de entregarlo al adulto responsable; mientras que, en educaci\u00f3n\nsecundaria, por la edad, las y los estudiantes pueden desplazarse solos a sus\ncasas o en grupos de compa\u00f1eros; por lo que se pide a sus responsables estar en\npermanente comunicaci\u00f3n con ellos.<\/p>\n\n\n\n<p>En apego a los lineamientos de la\nSecretar\u00eda de Educaci\u00f3n P\u00fablica (SEP), el IEEPO que dirige Francisco \u00c1ngel\nVillarreal, exhorta a las autoridades escolares hacer una revisi\u00f3n a fondo de\nsus protocolos de seguridad y en caso de requerir apoyo acercarse al Instituto\nEstatal de Educaci\u00f3n P\u00fablica de Oaxaca para brindar informaci\u00f3n.<\/p>\n","protected":false},"excerpt":{"rendered":"<p>Redacci\u00f3n\/Zona Roja. Oaxaca de Ju\u00e1rez, Oax., 19 de febrero de 2020.- El Instituto Estatal de&hellip;<\/p>\n","protected":false},"author":2,"featured_media":8946,"comment_status":"closed","ping_status":"open","sticky":false,"template":"","format":"standard","meta":{"_lmt_disableupdate":"","_lmt_disable":"","_jetpack_memberships_contains_paid_content":false,"footnotes":""},"categories":[109,46],"tags":[599],"class_list":["post-8945","post","type-post","status-publish","format-standard","has-post-thumbnail","hentry","category-minuto-a-minuto","category-zona-blanca","tag-instituto-estatal-de-educacion-publica-de-oaxaca"],"jetpack_featured_media_url":"https:\/\/zonaroja.com.mx\/wp-content\/uploads\/2020\/02\/IEEPO-2-3.jpeg","jetpack_sharing_enabled":true,"_links":{"self":[{"href":"https:\/\/zonaroja.com.mx\/index.php?rest_route=\/wp\/v2\/posts\/8945","targetHints":{"allow":["GET"]}}],"collection":[{"href":"https:\/\/zonaroja.com.mx\/index.php?rest_route=\/wp\/v2\/posts"}],"about":[{"href":"https:\/\/zonaroja.com.mx\/index.php?rest_route=\/wp\/v2\/types\/post"}],"author":[{"embeddable":true,"href":"https:\/\/zonaroja.com.mx\/index.php?rest_route=\/wp\/v2\/users\/2"}],"replies":[{"embeddable":true,"href":"https:\/\/zonaroja.com.mx\/index.php?rest_route=%2Fwp%2Fv2%2Fcomments&post=8945"}],"version-history":[{"count":1,"href":"https:\/\/zonaroja.com.mx\/index.php?rest_route=\/wp\/v2\/posts\/8945\/revisions"}],"predecessor-version":[{"id":8947,"href":"https:\/\/zonaroja.com.mx\/index.php?rest_route=\/wp\/v2\/posts\/8945\/revisions\/8947"}],"wp:featuredmedia":[{"embeddable":true,"href":"https:\/\/zonaroja.com.mx\/index.php?rest_route=\/wp\/v2\/media\/8946"}],"wp:attachment":[{"href":"https:\/\/zonaroja.com.mx\/index.php?rest_route=%2Fwp%2Fv2%2Fmedia&parent=8945"}],"wp:term":[{"taxonomy":"category","embeddable":true,"href":"https:\/\/zonaroja.com.mx\/index.php?rest_route=%2Fwp%2Fv2%2Fcategories&post=8945"},{"taxonomy":"post_tag","embeddable":true,"href":"https:\/\/zonaroja.com.mx\/index.php?rest_route=%2Fwp%2Fv2%2Ftags&post=8945"}],"curies":[{"name":"wp","href":"https:\/\/api.w.org\/{rel}","templated":true}]}}