{"id":89455,"date":"2026-01-25T13:16:01","date_gmt":"2026-01-25T19:16:01","guid":{"rendered":"https:\/\/zonaroja.com.mx\/?p=89455"},"modified":"2026-01-25T13:16:01","modified_gmt":"2026-01-25T19:16:01","slug":"llama-ray-chagoya-a-participar-y-refrenda-jornada-en-calma-en-oaxaca-de-juarez","status":"publish","type":"post","link":"https:\/\/zonaroja.com.mx\/?p=89455","title":{"rendered":"Llama Ray Chagoya a participar y refrenda jornada en calma en Oaxaca de Ju\u00e1rez"},"content":{"rendered":"\n<p>Redacci\u00f3n\/Zona Roja.&nbsp;<\/p>\n\n\n\n<p>Oaxaca, Oax., a 25 de enero de 2026.- El presidente municipal de Oaxaca de Ju\u00e1rez, Ray Chagoya, emiti\u00f3 su voto este domingo en el marco de la jornada de consulta, y reiter\u00f3 el llamado a la ciudadan\u00eda a participar de manera libre, informada y responsable en este ejercicio democr\u00e1tico.<\/p>\n\n\n\n<p>Tras cumplir con su derecho ciudadano, el edil subray\u00f3 que la participaci\u00f3n fortalece la vida democr\u00e1tica y permite que la poblaci\u00f3n se exprese mediante mecanismos institucionales, siempre en un ambiente de respeto y civilidad.<\/p>\n\n\n\n<p>Asimismo, inform\u00f3 que en la capital del estado el proceso se desarrolla con normalidad, sin incidentes relevantes, gracias al trabajo coordinado entre las distintas corporaciones de seguridad, lo que garantiza condiciones de tranquilidad y orden para las y los ciudadanos.<\/p>\n\n\n\n<p>El presidente municipal reiter\u00f3 que el gobierno de Oaxaca de Ju\u00e1rez se mantiene atento y con presencia en territorio, priorizando la seguridad de las personas y el respeto a los derechos ciudadanos durante el desarrollo de la jornada.<\/p>\n\n\n\n<p>Finalmente, invit\u00f3 a la poblaci\u00f3n a continuar participando en este proceso, reafirmando que la construcci\u00f3n de una ciudad segura, ordenada y con gobernabilidad se logra con la participaci\u00f3n activa de la sociedad.<\/p>\n","protected":false},"excerpt":{"rendered":"<p>Redacci\u00f3n\/Zona Roja.&nbsp; Oaxaca, Oax., a 25 de enero de 2026.- El presidente municipal de Oaxaca&hellip;<\/p>\n","protected":false},"author":2,"featured_media":89454,"comment_status":"closed","ping_status":"open","sticky":false,"template":"","format":"standard","meta":{"_lmt_disableupdate":"","_lmt_disable":"","_jetpack_memberships_contains_paid_content":false,"footnotes":""},"categories":[109,46],"tags":[4403],"class_list":["post-89455","post","type-post","status-publish","format-standard","has-post-thumbnail","hentry","category-minuto-a-minuto","category-zona-blanca","tag-ray-chagoya"],"jetpack_featured_media_url":"https:\/\/zonaroja.com.mx\/wp-content\/uploads\/2026\/01\/collage_export_eb258dff-500a-46ab-8013-ddb5468dc8d4.jpg","jetpack_sharing_enabled":true,"_links":{"self":[{"href":"https:\/\/zonaroja.com.mx\/index.php?rest_route=\/wp\/v2\/posts\/89455","targetHints":{"allow":["GET"]}}],"collection":[{"href":"https:\/\/zonaroja.com.mx\/index.php?rest_route=\/wp\/v2\/posts"}],"about":[{"href":"https:\/\/zonaroja.com.mx\/index.php?rest_route=\/wp\/v2\/types\/post"}],"author":[{"embeddable":true,"href":"https:\/\/zonaroja.com.mx\/index.php?rest_route=\/wp\/v2\/users\/2"}],"replies":[{"embeddable":true,"href":"https:\/\/zonaroja.com.mx\/index.php?rest_route=%2Fwp%2Fv2%2Fcomments&post=89455"}],"version-history":[{"count":1,"href":"https:\/\/zonaroja.com.mx\/index.php?rest_route=\/wp\/v2\/posts\/89455\/revisions"}],"predecessor-version":[{"id":89456,"href":"https:\/\/zonaroja.com.mx\/index.php?rest_route=\/wp\/v2\/posts\/89455\/revisions\/89456"}],"wp:featuredmedia":[{"embeddable":true,"href":"https:\/\/zonaroja.com.mx\/index.php?rest_route=\/wp\/v2\/media\/89454"}],"wp:attachment":[{"href":"https:\/\/zonaroja.com.mx\/index.php?rest_route=%2Fwp%2Fv2%2Fmedia&parent=89455"}],"wp:term":[{"taxonomy":"category","embeddable":true,"href":"https:\/\/zonaroja.com.mx\/index.php?rest_route=%2Fwp%2Fv2%2Fcategories&post=89455"},{"taxonomy":"post_tag","embeddable":true,"href":"https:\/\/zonaroja.com.mx\/index.php?rest_route=%2Fwp%2Fv2%2Ftags&post=89455"}],"curies":[{"name":"wp","href":"https:\/\/api.w.org\/{rel}","templated":true}]}}