{"id":89457,"date":"2026-01-25T18:54:42","date_gmt":"2026-01-26T00:54:42","guid":{"rendered":"https:\/\/zonaroja.com.mx\/?p=89457"},"modified":"2026-01-25T18:54:44","modified_gmt":"2026-01-26T00:54:44","slug":"tras-ser-exhibidos-por-lujos-con-camionetas-de-casi-2-mdp-ministros-dicen-que-no-las-usaran","status":"publish","type":"post","link":"https:\/\/zonaroja.com.mx\/?p=89457","title":{"rendered":"Tras ser exhibidos por lujos con camionetas de casi 2 mdp, ministros dicen que no las usar\u00e1n\u00a0"},"content":{"rendered":"\n<p>Redacci\u00f3n\/Zona Roja Cdmx.<\/p>\n\n\n\n<p>(Informaci\u00f3n de Uno Tv)<\/p>\n\n\n\n<p>Ciudad de M\u00e9xico, a 25 de enero de 2026.- Tras la pol\u00e9mica que se gener\u00f3, la Suprema Corte de Justicia de la Naci\u00f3n (SCJN) dio a conocer que las ministras y ministros que forman parte de este organismo ya no utilizar\u00e1n camionetas blindadas para trasladarse desde un punto a otro.<\/p>\n\n\n\n<p>A trav\u00e9s de un comunicado compartido en sus redes sociales oficiales, la SCJN inform\u00f3 que las ministras y ministros ya no usar\u00e1n veh\u00edculos de seguridad como camionetas blindadas.<\/p>\n\n\n\n<p>\u201cCon relaci\u00f3n a los veh\u00edculos adquiridos, ministras y ministros de esta SCJN informan su decisi\u00f3n de no utilizarlos\u201d, se lee en la publicaci\u00f3n de redes sociales.<\/p>\n\n\n\n<p>Por otra parte, la Suprema Corte asegur\u00f3 que las y los ministros solicitar\u00e1n que comience proceso correspondiente para devolver las camionetas blindadas o, en su caso, poner a disposici\u00f3n estos veh\u00edculos a disposici\u00f3n de juezas y jueces que enfrentan mayores riesgos, \u201csiempre con apego a la normatividad aplicable\u201d.<\/p>\n\n\n\n<p>\u201cReiteramos nuestro compromiso con el uso eficiente y responsable de los recursos del pueblo, as\u00ed como el trabajo permanente para lograr una justicia real y verdadera\u201d, se lee en el comunicado de la SCJN.<\/p>\n\n\n\n<p>Por \u00faltimo, indicaron que dar\u00e1n mayor informaci\u00f3n sobre el destino de estas camionetas blindadas que utilizaban los ministros en una conferencia de prensa que ofrecer\u00e1n este lunes 26 de enero de 2026.<\/p>\n\n\n\n<p>Todo esto ocurre despu\u00e9s de que los ministros de la Suprema Corte recibieron camionetas Jeep Grand Cherokee de \u00faltimo modelo, lo que desat\u00f3 un debate en redes sociales por su valor, durante un gobierno en el que ha predominado un discurso de austeridad.<\/p>\n\n\n\n<p>S\u00f3lo para que se den una idea, cada uno de los nueve ministros fue asignado con un veh\u00edculo cuyo precio va de un mill\u00f3n 69 mil hasta 1.7 millones de pesos, dependiendo de la versi\u00f3n y el equipamiento. La informaci\u00f3n coincide con los precios publicados en el sitio oficial de Jeep, donde el modelo se ofrece en versiones como Altitude, Limited, L Limited y Summit 4\u00d74.<\/p>\n","protected":false},"excerpt":{"rendered":"<p>Redacci\u00f3n\/Zona Roja Cdmx. (Informaci\u00f3n de Uno Tv) Ciudad de M\u00e9xico, a 25 de enero de&hellip;<\/p>\n","protected":false},"author":2,"featured_media":89458,"comment_status":"closed","ping_status":"open","sticky":false,"template":"","format":"standard","meta":{"_lmt_disableupdate":"","_lmt_disable":"","_jetpack_memberships_contains_paid_content":false,"footnotes":""},"categories":[109,47],"tags":[2878],"class_list":["post-89457","post","type-post","status-publish","format-standard","has-post-thumbnail","hentry","category-minuto-a-minuto","category-zona-gris","tag-suprema-corte-de-justicia-de-la-nacion-scjn"],"jetpack_featured_media_url":"https:\/\/zonaroja.com.mx\/wp-content\/uploads\/2026\/01\/Camionetas-SJCN-ministros-lujos.jpg","jetpack_sharing_enabled":true,"_links":{"self":[{"href":"https:\/\/zonaroja.com.mx\/index.php?rest_route=\/wp\/v2\/posts\/89457","targetHints":{"allow":["GET"]}}],"collection":[{"href":"https:\/\/zonaroja.com.mx\/index.php?rest_route=\/wp\/v2\/posts"}],"about":[{"href":"https:\/\/zonaroja.com.mx\/index.php?rest_route=\/wp\/v2\/types\/post"}],"author":[{"embeddable":true,"href":"https:\/\/zonaroja.com.mx\/index.php?rest_route=\/wp\/v2\/users\/2"}],"replies":[{"embeddable":true,"href":"https:\/\/zonaroja.com.mx\/index.php?rest_route=%2Fwp%2Fv2%2Fcomments&post=89457"}],"version-history":[{"count":1,"href":"https:\/\/zonaroja.com.mx\/index.php?rest_route=\/wp\/v2\/posts\/89457\/revisions"}],"predecessor-version":[{"id":89459,"href":"https:\/\/zonaroja.com.mx\/index.php?rest_route=\/wp\/v2\/posts\/89457\/revisions\/89459"}],"wp:featuredmedia":[{"embeddable":true,"href":"https:\/\/zonaroja.com.mx\/index.php?rest_route=\/wp\/v2\/media\/89458"}],"wp:attachment":[{"href":"https:\/\/zonaroja.com.mx\/index.php?rest_route=%2Fwp%2Fv2%2Fmedia&parent=89457"}],"wp:term":[{"taxonomy":"category","embeddable":true,"href":"https:\/\/zonaroja.com.mx\/index.php?rest_route=%2Fwp%2Fv2%2Fcategories&post=89457"},{"taxonomy":"post_tag","embeddable":true,"href":"https:\/\/zonaroja.com.mx\/index.php?rest_route=%2Fwp%2Fv2%2Ftags&post=89457"}],"curies":[{"name":"wp","href":"https:\/\/api.w.org\/{rel}","templated":true}]}}