{"id":89460,"date":"2026-01-26T07:30:19","date_gmt":"2026-01-26T13:30:19","guid":{"rendered":"https:\/\/zonaroja.com.mx\/?p=89460"},"modified":"2026-01-26T07:30:21","modified_gmt":"2026-01-26T13:30:21","slug":"con-escaso-margen-gana-jara-proceso-de-revocacion-pero-sin-validez","status":"publish","type":"post","link":"https:\/\/zonaroja.com.mx\/?p=89460","title":{"rendered":"Con escaso margen, gana Jara proceso de revocaci\u00f3n\u2026 pero sin validez"},"content":{"rendered":"\n<p>Ismael Garc\u00eda M.\/Zona Roja.<\/p>\n\n\n\n<p>Oaxaca, Oax., a 26 de enero de 2026.- Con un 87.7 por ciento de casillas computadas, el gobernador Salom\u00f3n Jara Cruz lleva la delantera con un 57.2 por ciento a favor de que contin\u00fae en el cargo contra un 39.8 por ciento que se le revoque el cargo por p\u00e9rdida de confianza.<\/p>\n\n\n\n<p>De acuerdo con el corte informativo del Instituto Estatal Electoral y de Participaci\u00f3n Ciudadana de las 06:49 horas, se registra una participaci\u00f3n del 29.6 por ciento, por lo cual la determinaci\u00f3n de la consulta no ser\u00e1 vinculante, es decir no ser\u00e1 v\u00e1lida, pues se requer\u00edan al menos un mill\u00f3n 200 mil participantes.<\/p>\n\n\n\n<p>La mayor\u00eda de los sufragios provino del interior del estado de Oaxaca, donde se denunciaron compra de votos, coptaci\u00f3n y acarreo de gente, entre otras anomal\u00edas; en las zonas urbanas, como la capital, prevaleci\u00f3 la indiferencia por parte de los oaxaque\u00f1os.<\/p>\n\n\n\n<p>En un mensaje emitido anoche afuera del Palacio de Gobierno, el mandatario Salom\u00f3n Jara Cruz calific\u00f3 la consulta como un ejercicio hist\u00f3rico e in\u00e9dito en el pa\u00eds.<\/p>\n\n\n\n<p>Durante un mensaje dirigido ante cientos de personas reunidas, resalt\u00f3:<\/p>\n\n\n\n<p>\u201cHoy Oaxaca tiene un gobierno con legitimidad renovada y eso nos compromete y obliga a trabajar m\u00e1s intensamente. Nuestro modelo de gobierno ratifica su compromiso con el bienestar del pueblo\u201d.&nbsp;<\/p>\n\n\n\n<p>Sostuvo que este proceso marca un parteaguas en la historia democr\u00e1tica de M\u00e9xico, al convertir a Oaxaca en la primera entidad federativa en la que la ciudadan\u00eda ejerce de manera directa el derecho a evaluar y decidir sobre la continuidad de su administraci\u00f3n estatal.&nbsp;<\/p>\n\n\n\n<p>Indic\u00f3 que la jornada se desarroll\u00f3 en un ambiente de paz, respeto, seguridad y normalidad democr\u00e1tica, lo que refuerza su car\u00e1cter ejemplar.<\/p>\n\n\n\n<p>\u201cEste no es un triunfo pol\u00edtico ni un logro personal, esta es una nueva victoria del pueblo y una gran haza\u00f1a colectiva. El pueblo ha decido ratificar su confianza en el proyecto pol\u00edtico de la Primavera Oaxaque\u00f1a y ha expresado en las urnas un deseo de seguir construyendo las bases de la transformaci\u00f3n en nuestro estado\u201d, afirm\u00f3 Jara Cruz.&nbsp;<\/p>\n\n\n\n<p>En este marco, el gobernante reconoci\u00f3 el trabajo log\u00edstico del Instituto Estatal Electoral y de Participaci\u00f3n Ciudadana de Oaxaca (IEEPCO) por brindar toda la certeza y garant\u00eda de legalidad de este in\u00e9dito proceso. \u201cTenemos certeza en el resultado, hay confianza en nuestro liderazgo, hay esperanza en el rumbo y tenemos Primavera Oaxaque\u00f1a para un gran rato\u201d, a\u00f1adi\u00f3.\u00a0<\/p>\n\n\n\n<figure class=\"wp-block-embed is-type-rich is-provider-twitter wp-block-embed-twitter\"><div class=\"wp-block-embed__wrapper\">\n<div class=\"twitter-tweet\"><blockquote class=\"twitter-tweet\" data-lang=\"es\"><p lang=\"es\" dir=\"ltr\"><a href=\"https:\/\/twitter.com\/hashtag\/AlMomento?src=hash&amp;ref_src=twsrc%5Etfw\">#AlMomento<\/a> <br>En un mensaje que emite esta noche afuera del Palacio de Gobierno, el mandatario <a href=\"https:\/\/twitter.com\/salomonj?ref_src=twsrc%5Etfw\">@salomonj<\/a> da a conocer que votaron, seg\u00fan cifras preliminares, m\u00e1s de 600 mil personas en la consulta de <a href=\"https:\/\/twitter.com\/hashtag\/Revocaci%C3%B3nDeMandato?src=hash&amp;ref_src=twsrc%5Etfw\">#Revocaci\u00f3nDeMandato<\/a> y que m\u00e1s del 58% lo hizo a favor de que contin\u00fae en la\u2026 <a href=\"https:\/\/t.co\/msltcmv9XO\">pic.twitter.com\/msltcmv9XO<\/a><\/p>&mdash; Zona Roja Oaxaca (@ZonaRoja_Oaxaca) <a href=\"https:\/\/twitter.com\/ZonaRoja_Oaxaca\/status\/2015648350842884351?ref_src=twsrc%5Etfw\">26 de enero de 2026<\/a><\/blockquote><\/div>\n<\/div><\/figure>\n","protected":false},"excerpt":{"rendered":"<p>Ismael Garc\u00eda M.\/Zona Roja. Oaxaca, Oax., a 26 de enero de 2026.- Con un 87.7&hellip;<\/p>\n","protected":false},"author":2,"featured_media":89461,"comment_status":"closed","ping_status":"open","sticky":false,"template":"","format":"standard","meta":{"_lmt_disableupdate":"","_lmt_disable":"","_jetpack_memberships_contains_paid_content":false,"footnotes":""},"categories":[109,46],"tags":[4512,939],"class_list":["post-89460","post","type-post","status-publish","format-standard","has-post-thumbnail","hentry","category-minuto-a-minuto","category-zona-blanca","tag-revocacion-de-mandato-oaxaca","tag-salomon-jara-cruz"],"jetpack_featured_media_url":"https:\/\/zonaroja.com.mx\/wp-content\/uploads\/2026\/01\/Salomon-Jara-vota-revocacion-de-mandato.jpg","jetpack_sharing_enabled":true,"_links":{"self":[{"href":"https:\/\/zonaroja.com.mx\/index.php?rest_route=\/wp\/v2\/posts\/89460","targetHints":{"allow":["GET"]}}],"collection":[{"href":"https:\/\/zonaroja.com.mx\/index.php?rest_route=\/wp\/v2\/posts"}],"about":[{"href":"https:\/\/zonaroja.com.mx\/index.php?rest_route=\/wp\/v2\/types\/post"}],"author":[{"embeddable":true,"href":"https:\/\/zonaroja.com.mx\/index.php?rest_route=\/wp\/v2\/users\/2"}],"replies":[{"embeddable":true,"href":"https:\/\/zonaroja.com.mx\/index.php?rest_route=%2Fwp%2Fv2%2Fcomments&post=89460"}],"version-history":[{"count":1,"href":"https:\/\/zonaroja.com.mx\/index.php?rest_route=\/wp\/v2\/posts\/89460\/revisions"}],"predecessor-version":[{"id":89462,"href":"https:\/\/zonaroja.com.mx\/index.php?rest_route=\/wp\/v2\/posts\/89460\/revisions\/89462"}],"wp:featuredmedia":[{"embeddable":true,"href":"https:\/\/zonaroja.com.mx\/index.php?rest_route=\/wp\/v2\/media\/89461"}],"wp:attachment":[{"href":"https:\/\/zonaroja.com.mx\/index.php?rest_route=%2Fwp%2Fv2%2Fmedia&parent=89460"}],"wp:term":[{"taxonomy":"category","embeddable":true,"href":"https:\/\/zonaroja.com.mx\/index.php?rest_route=%2Fwp%2Fv2%2Fcategories&post=89460"},{"taxonomy":"post_tag","embeddable":true,"href":"https:\/\/zonaroja.com.mx\/index.php?rest_route=%2Fwp%2Fv2%2Ftags&post=89460"}],"curies":[{"name":"wp","href":"https:\/\/api.w.org\/{rel}","templated":true}]}}