{"id":89463,"date":"2026-01-26T08:08:45","date_gmt":"2026-01-26T14:08:45","guid":{"rendered":"https:\/\/zonaroja.com.mx\/?p=89463"},"modified":"2026-01-26T08:08:47","modified_gmt":"2026-01-26T14:08:47","slug":"mancha-jornada-de-revocacion-la-violencia-en-el-istmo","status":"publish","type":"post","link":"https:\/\/zonaroja.com.mx\/?p=89463","title":{"rendered":"Mancha jornada de Revocaci\u00f3n la violencia en el Istmo"},"content":{"rendered":"\n<p>Raymundo Morales\/Zona Roja.<\/p>\n\n\n\n<p>Oaxaca, Oax., a 26 de enero de 2026.- Dos hechos violentos en la regi\u00f3n del Istmo de Tehuantepec marcaron la jornada de Revocaci\u00f3n de Mandato de ayer, mientras que en la capital muri\u00f3 un indigente en la v\u00eda p\u00fablica, en pleno Centro Hist\u00f3rico.<\/p>\n\n\n\n<p>En Santo Domingo Tehuantepec, la tarde de ayer fue ejecutada una persona del sexo masculino, cuando transitaba a bordo de su motocicleta en una calle de la colonia Tamaulipas, barrio La Soledad.<\/p>\n\n\n\n<p>La v\u00edctima fue identificada como Jos\u00e9 Antonio \u201cN\u201d, trabajador de Petr\u00f3leos Mexicanos y de acuerdo con otras versiones, habr\u00eda sido v\u00edctima de un asalto.<\/p>\n\n\n\n<p>No obstante, presenta diversos impactos de bala en el cuerpo por lo que se presume un asesinato.<\/p>\n\n\n\n<p>La Fiscal\u00eda General del Estado de Oaxaca, a trav\u00e9s de la Vicefiscal\u00eda Regional del Istmo, contin\u00faa con las indagatorias del caso, con la finalidad de esclarecer el crimen.<\/p>\n\n\n\n<p>Mientras que en Juchit\u00e1n de Zaragoza, una persona del sexo masculino fue agredida a balazos anoche, en una vialidad de la colonia 19 de Marzo.<\/p>\n\n\n\n<p>A la llegada de param\u00e9dicos, corroboraron que la v\u00edctima presentaba impactos de arma de fuego en la pierna, por lo cual fue trasladado a un hospital; hasta el momento se desconocen las causas del ataque y el lesionado fue identificado de manera preliminar como Jos\u00e9 Manuel \u201cN\u201d, de 31 a\u00f1os de edad y con domicilio en la colonia V\u00edctor Yodo.<\/p>\n\n\n\n<p>Por otra parte, la ma\u00f1ana de ayer fueron difundidas a trav\u00e9s de las redes sociales im\u00e1genes de una persona semidesnuda, que se encontraba delicada de salud en la calle 20 de Noviembre de la ciudad de Oaxaca.<\/p>\n\n\n\n<p>Sin embargo, presuntamente por falta de atenci\u00f3n, horas m\u00e1s tarde fue reportado su deceso, sin que se conozcan hasta ahora las causas. En la misma capital, fueron reportados tambi\u00e9n al menos dos \u201ccristalazos\u201d a veh\u00edculos, uno de ellos en la cuarta calle de Guerrero y otro en Fiallo, entre Guerrero e Hidalgo, Centro.<\/p>\n","protected":false},"excerpt":{"rendered":"<p>Raymundo Morales\/Zona Roja. Oaxaca, Oax., a 26 de enero de 2026.- Dos hechos violentos en&hellip;<\/p>\n","protected":false},"author":2,"featured_media":89464,"comment_status":"closed","ping_status":"open","sticky":false,"template":"","format":"standard","meta":{"_lmt_disableupdate":"","_lmt_disable":"","_jetpack_memberships_contains_paid_content":false,"footnotes":""},"categories":[109,51],"tags":[533],"class_list":["post-89463","post","type-post","status-publish","format-standard","has-post-thumbnail","hentry","category-minuto-a-minuto","category-zona-roja","tag-asesinado-en-tehuantepec"],"jetpack_featured_media_url":"https:\/\/zonaroja.com.mx\/wp-content\/uploads\/2026\/01\/Ejecutado-en-Tehuantepec.jpeg","jetpack_sharing_enabled":true,"_links":{"self":[{"href":"https:\/\/zonaroja.com.mx\/index.php?rest_route=\/wp\/v2\/posts\/89463","targetHints":{"allow":["GET"]}}],"collection":[{"href":"https:\/\/zonaroja.com.mx\/index.php?rest_route=\/wp\/v2\/posts"}],"about":[{"href":"https:\/\/zonaroja.com.mx\/index.php?rest_route=\/wp\/v2\/types\/post"}],"author":[{"embeddable":true,"href":"https:\/\/zonaroja.com.mx\/index.php?rest_route=\/wp\/v2\/users\/2"}],"replies":[{"embeddable":true,"href":"https:\/\/zonaroja.com.mx\/index.php?rest_route=%2Fwp%2Fv2%2Fcomments&post=89463"}],"version-history":[{"count":1,"href":"https:\/\/zonaroja.com.mx\/index.php?rest_route=\/wp\/v2\/posts\/89463\/revisions"}],"predecessor-version":[{"id":89465,"href":"https:\/\/zonaroja.com.mx\/index.php?rest_route=\/wp\/v2\/posts\/89463\/revisions\/89465"}],"wp:featuredmedia":[{"embeddable":true,"href":"https:\/\/zonaroja.com.mx\/index.php?rest_route=\/wp\/v2\/media\/89464"}],"wp:attachment":[{"href":"https:\/\/zonaroja.com.mx\/index.php?rest_route=%2Fwp%2Fv2%2Fmedia&parent=89463"}],"wp:term":[{"taxonomy":"category","embeddable":true,"href":"https:\/\/zonaroja.com.mx\/index.php?rest_route=%2Fwp%2Fv2%2Fcategories&post=89463"},{"taxonomy":"post_tag","embeddable":true,"href":"https:\/\/zonaroja.com.mx\/index.php?rest_route=%2Fwp%2Fv2%2Ftags&post=89463"}],"curies":[{"name":"wp","href":"https:\/\/api.w.org\/{rel}","templated":true}]}}