{"id":89469,"date":"2026-01-26T11:18:00","date_gmt":"2026-01-26T17:18:00","guid":{"rendered":"https:\/\/zonaroja.com.mx\/?p=89469"},"modified":"2026-01-26T08:21:50","modified_gmt":"2026-01-26T14:21:50","slug":"rechazan-ieepco-y-el-ine-que-haya-descoordinacion-en-consulta","status":"publish","type":"post","link":"https:\/\/zonaroja.com.mx\/?p=89469","title":{"rendered":"Rechazan IEEPCO y el INE que haya descoordinaci\u00f3n en consulta"},"content":{"rendered":"\n<p>Ismael Garc\u00eda M.\/Zona Roja.<\/p>\n\n\n\n<p>Oaxaca, Oax., a 26 de enero de 2026.- El Instituto Estatal Electoral y de Participaci\u00f3n Ciudadana de Oaxaca (IEECPO) y Instituto Nacional Electoral en Oaxaca, rechazaron que haya habido descoordinaci\u00f3n durante el proceso de organizaci\u00f3n de la consulta de Revocaci\u00f3n de Mandato.<\/p>\n\n\n\n<p>A trav\u00e9s de un comunicado y en conferencia de prensa de ayer por la tarde encabezada por Elizabeth S\u00e1nchez Gonz\u00e1lez y Mart\u00edn Mart\u00ednez Cort\u00e1zar, precisaron acerca de algunas versiones, en que se responsabilizaba tambi\u00e9n a la instituci\u00f3n federal de no coadyuvar en el proceso y ser responsable de la no instalaci\u00f3n de casillas especiales.<\/p>\n\n\n\n<p>\u201cEs incorrecto afirmar que la no instalaci\u00f3n de casillas especiales obedeci\u00f3 a falta de coordinaci\u00f3n institucional. Por el contrario, el proceso se desarroll\u00f3 en un marco de estrecha colaboraci\u00f3n interinstitucional, sustentado en el Convenio General de Coordinaci\u00f3n y Colaboraci\u00f3n INE-IEEPCO, as\u00ed como en su Anexo T\u00e9cnico y Financiero, que definieron con claridad competencias, responsabilidades y mecanismos de cooperaci\u00f3n\u201d, precisaron.<\/p>\n\n\n\n<p>Remarcaron que en ese marco, se articularon diversas acciones conjuntas, como como la entrega de la Lista Nominal de Electores Definitiva con Fotograf\u00eda; la transferencia de informaci\u00f3n para la integraci\u00f3n del funcionariado de casilla, de ubicaci\u00f3n de casillas, y de personas supervisoras y caes; y diversos apoyos t\u00e9cnicos y log\u00edsticos indispensables para garantizar certeza y confiabilidad en el ejercicio de participaci\u00f3n ciudadana.<\/p>\n\n\n\n<p>\u201cLa no aprobaci\u00f3n de casillas especiales respondi\u00f3 exclusivamente a razones t\u00e9cnicas y constitucionales, ya que estas requieren sistemas inform\u00e1ticos para la consulta de la Lista Nominal a nivel estatal, los cuales son operados de manera exclusiva por el INE, como autoridad responsable del Padr\u00f3n Electoral.&nbsp;<\/p>\n\n\n\n<p>\u201cLos organismos p\u00fablicos locales, como el lEEPCO, no cuentan con acceso ni atribuciones para operar dichos sistemas, lo que hace inviable su instalaci\u00f3n en mecanismos de participaci\u00f3n ciudadana de car\u00e1cter local\u201d, remarcaron.<\/p>\n\n\n\n<p>Indicaron que este ejercicio de consuta se organiz\u00f3 en un plazo reducido, lo que oblig\u00f3 a concentrar esfuerzos en garantizar la instalaci\u00f3n de casillas b\u00e1sicas y contiguas, la integraci\u00f3n del funcionariado y la observancia de los principios de certeza y legalidad, sin que fuera materialmente posible implementar mecanismos de mayor complejidad t\u00e9cnica, como lo es la instalaci\u00f3n de casillas especiales.<\/p>\n\n\n\n<p>\u201cEl IEEPCO reconoce y agradece al INE su acompa\u00f1amiento y colaboraci\u00f3n permanente, fundamentales para la realizaci\u00f3n de este primer ejercicio de Revocaci\u00f3n de Mandato en Oaxaca, y reitera su compromiso con la m\u00e1xima publicidad, la informaci\u00f3n clara y veraz, y el fortalecimiento de la confianza ciudadana en las instituciones electorales.<\/p>\n\n\n\n<p>\u201cSin la experiencia, profesionalismo y disposici\u00f3n de colaboraci\u00f3n del Instituto Nacional Electoral, no habr\u00eda sido posible una organizaci\u00f3n \u00e1gil, c\u00e9lere y efectiva del proceso de Revocaci\u00f3n de Mandato de esta entidad\u201d, concluy\u00f3.<\/p>\n","protected":false},"excerpt":{"rendered":"<p>Ismael Garc\u00eda M.\/Zona Roja. Oaxaca, Oax., a 26 de enero de 2026.- El Instituto Estatal&hellip;<\/p>\n","protected":false},"author":2,"featured_media":89470,"comment_status":"closed","ping_status":"open","sticky":false,"template":"","format":"standard","meta":{"_lmt_disableupdate":"","_lmt_disable":"","_jetpack_memberships_contains_paid_content":false,"footnotes":""},"categories":[109,46],"tags":[2932,4512],"class_list":["post-89469","post","type-post","status-publish","format-standard","has-post-thumbnail","hentry","category-minuto-a-minuto","category-zona-blanca","tag-instituto-estatal-electoral-y-de-participacion-ciudadana-de-oaxaca-ieepco","tag-revocacion-de-mandato-oaxaca"],"jetpack_featured_media_url":"https:\/\/zonaroja.com.mx\/wp-content\/uploads\/2026\/01\/Reunion-IEEPCO-e-INE-Oaxaca.jpg","jetpack_sharing_enabled":true,"_links":{"self":[{"href":"https:\/\/zonaroja.com.mx\/index.php?rest_route=\/wp\/v2\/posts\/89469","targetHints":{"allow":["GET"]}}],"collection":[{"href":"https:\/\/zonaroja.com.mx\/index.php?rest_route=\/wp\/v2\/posts"}],"about":[{"href":"https:\/\/zonaroja.com.mx\/index.php?rest_route=\/wp\/v2\/types\/post"}],"author":[{"embeddable":true,"href":"https:\/\/zonaroja.com.mx\/index.php?rest_route=\/wp\/v2\/users\/2"}],"replies":[{"embeddable":true,"href":"https:\/\/zonaroja.com.mx\/index.php?rest_route=%2Fwp%2Fv2%2Fcomments&post=89469"}],"version-history":[{"count":1,"href":"https:\/\/zonaroja.com.mx\/index.php?rest_route=\/wp\/v2\/posts\/89469\/revisions"}],"predecessor-version":[{"id":89471,"href":"https:\/\/zonaroja.com.mx\/index.php?rest_route=\/wp\/v2\/posts\/89469\/revisions\/89471"}],"wp:featuredmedia":[{"embeddable":true,"href":"https:\/\/zonaroja.com.mx\/index.php?rest_route=\/wp\/v2\/media\/89470"}],"wp:attachment":[{"href":"https:\/\/zonaroja.com.mx\/index.php?rest_route=%2Fwp%2Fv2%2Fmedia&parent=89469"}],"wp:term":[{"taxonomy":"category","embeddable":true,"href":"https:\/\/zonaroja.com.mx\/index.php?rest_route=%2Fwp%2Fv2%2Fcategories&post=89469"},{"taxonomy":"post_tag","embeddable":true,"href":"https:\/\/zonaroja.com.mx\/index.php?rest_route=%2Fwp%2Fv2%2Ftags&post=89469"}],"curies":[{"name":"wp","href":"https:\/\/api.w.org\/{rel}","templated":true}]}}