{"id":89472,"date":"2026-01-26T10:23:00","date_gmt":"2026-01-26T16:23:00","guid":{"rendered":"https:\/\/zonaroja.com.mx\/?p=89472"},"modified":"2026-01-26T10:50:30","modified_gmt":"2026-01-26T16:50:30","slug":"opinion-de-la-crisis-en-la-uabjo-y-otros-movimientos-politicos","status":"publish","type":"post","link":"https:\/\/zonaroja.com.mx\/?p=89472","title":{"rendered":"Opini\u00f3n. De la crisis en la UABJO y otros movimientos pol\u00edticos"},"content":{"rendered":"\n<p>Ismael Garc\u00eda M.\/Zona Roja.<\/p>\n\n\n\n<p>Oaxaca, Oax., a 26 de enero de 2026.- Una vez concluido el proceso de Revocaci\u00f3n de Mandato en Oaxaca, viene una serie de ajustes pol\u00edticos y sociales que sin duda impactar\u00e1n el estado.<\/p>\n\n\n\n<p>Primero, el mandatario Salom\u00f3n Jara Cruz tendr\u00e1 que hacer un balance serio y real acerca de la jornada del domingo, en que hubo un alto abstencionismo, y de quienes acudieron a votar, muchos lo hicieron en su contra (casi el 40 por ciento).<\/p>\n\n\n\n<p>Viene adem\u00e1s los cambios en el gabinete, pues en muchas \u00e1reas hay fallas y en otras, los funcionarios est\u00e1n dedicados de lleno a sus aspiraciones pol\u00edticas y no a realizar su trabajo.<\/p>\n\n\n\n<p>Est\u00e1 tambi\u00e9n la elecci\u00f3n para la rector\u00eda en la UABJO, en mayo pr\u00f3ximo, que desde hace unos meses ha tensado la situaci\u00f3n en la m\u00e1xima casa de estudios, exhibiendo la falta de capacidad del rector Cristian \u00c9der Carre\u00f1o.<\/p>\n\n\n\n<p>La Secci\u00f3n 22 del SNTE retomar\u00e1 su activismo con m\u00e1s marchas y protestas, y aglutinando con mayor intensidad a las organizaciones sociales inconformes con el gobierno. <\/p>\n\n\n\n<p>Y las ambiciones pol\u00edticas \u2014naturales en los tiempos del PRI\u2014 que se intensificar\u00e1n este a\u00f1o, para suceder a Jara Cruz; la lucha entre morenistas de distintos bandos y desde el Palacio de Gobierno ser\u00e1 soterrada; por supuesto, con el uso de recursos p\u00fablicos.<\/p>\n\n\n\n<p>CRISIS UNIVERSITARIA<\/p>\n\n\n\n<p>A mediados de mayo pr\u00f3ximo, la Universidad Aut\u00f3noma \u201cBenito Ju\u00e1rez\u201d deber\u00e1 tener un nuevo rector o rectora, tras la culminaci\u00f3n de un plazo ilegal de dos a\u00f1os, prolongado a otros dos a\u00f1os, de Cristian \u00c9der Carre\u00f1o.<\/p>\n\n\n\n<p>Lapso que se distingui\u00f3 por el menosprecio al Consejo Universitario, m\u00e1ximo \u00f3rgano de decisi\u00f3n, pues fue utilizado a modo y a conveniencia por el a\u00fan responsable de la casa de estudios.<\/p>\n\n\n\n<p>Ejemplos sobran y entre ellos est\u00e1 su misma prolongaci\u00f3n de mandato para completar cuatro a\u00f1os, pese a que no hubo proceso electivo.<\/p>\n\n\n\n<p>Otro m\u00e1s es la opacidad en que fue entregada a la Fundaci\u00f3n Alfredo Harp Hel\u00fa el estadio de b\u00e9isbol y el parque anexo, en un comodato por al menos 100 a\u00f1os, lo que motiv\u00f3 a los Harp a construir un nuevo estadio y apropiarse de m\u00e1s espacios, incluyendo una calle.<\/p>\n\n\n\n<p>Distinguen a Carre\u00f1o asimismo la falta de transparencia en el uso de los recursos financieros y la nula obra p\u00fablica en la Universidad, as\u00ed como los conflictos en el interior del estado, como es el caso de Medicina en Tehuantepec y la Preparatoria en Huajuapan.<\/p>\n\n\n\n<p>Y tambi\u00e9n su camale\u00f3nica postura pol\u00edtica, pues es sabido p\u00fablicamente que era un militante activo del PRI, socio y camarada de Jos\u00e9 Manuel Vera Salinas, quien lo recomend\u00f3 con Alejandro Murat Hinojosa para la rector\u00eda.<\/p>\n\n\n\n<p>Hay m\u00faltiples im\u00e1genes y videos en que Cristian \u00c9der Carre\u00f1o convivi\u00f3 y colabor\u00f3 con los priistas en todo tipo de actividades.<\/p>\n\n\n\n<p>Y apenas gan\u00f3 Salom\u00f3n Jara la elecci\u00f3n gubernamental, mut\u00f3 al morenismo, al igual que su patr\u00f3n Murat.<\/p>\n\n\n\n<p>Hizo y ha hecho hasta lo imposible, incluyendo prestar sedes universitarias para actividades de Morena, con tal de congraciarse con el nuevo poder.&nbsp;<\/p>\n\n\n\n<p>Todos los d\u00edas intenta servir al morenismo-jarismo, pero su suerte est\u00e1 echada desde hace muchos meses, habida cuenta sus deslealtades pol\u00edticas.<\/p>\n\n\n\n<p>En su desesperaci\u00f3n, \u00c9der Carre\u00f1o ha creado y alentado crisis en la Facultad de Derecho, en la Facultad de Medicina, en las Preparatorias, en la Facultad de Deportes, entre otros, en aras de mantener y mantenerse en el poder universitario.<\/p>\n\n\n\n<p>Sin embargo, la orden desde el Palacio de Gobierno es virar y no ser\u00e1 gente del actual rector quien gobierne los pr\u00f3ximos cuatro a\u00f1os.<\/p>\n\n\n\n<p>No obstante, hasta ahora no hay m\u00e1s figuras pol\u00edtico-acad\u00e9micas en la UABJO que realmente cuenten con el respaldo de las mayor\u00edas, mucho menos con credibilidad y autoridad moral.&nbsp;<\/p>\n\n\n\n<p>Ni siquiera desde la Secretar\u00eda de Gobierno estatal, donde se tejen los hilos para la propia sucesi\u00f3n, tiene n\u00fameros favorables para una persona, que presuntamente ser\u00eda el hasta ahora subsecretario Carlos Perezcampos Mayoral, o en su caso su esposa, Roc\u00edo Mart\u00ednez Helmes.<\/p>\n\n\n\n<p>Y el factor decisivo seguir\u00e1 siendo el patriarca Abraham Mart\u00ednez Alav\u00e9s, quien a\u00fan cuenta con varios hilos en la Universidad y con quien, indudablemente, los grupos pol\u00edticos tendr\u00e1n que pactar para ganar la elecci\u00f3n a la rector\u00eda.<\/p>\n\n\n\n<p>Por lo pronto, vienen los cuatro meses m\u00e1s \u00e1lgidos para la UABJO, con marchas, \u201cplantones\u201d, paro de labores, bajo el disfraz de revisi\u00f3n salarial por parte de los sindicatos, que ahora buscan tambi\u00e9n incidir en los pr\u00f3ximos comicios.<\/p>\n\n\n\n<p>Mientras tanto, el alma universitaria, el alumnado, tendr\u00e1 que seguir siendo un espectador coptado, a cambio de calificaciones, para incidir en el triunfo.&nbsp;<\/p>\n\n\n\n<p>EDUCACI\u00d3N<\/p>\n\n\n\n<p>En ese contexto, llama la atenci\u00f3n la postura del pasado s\u00e1bado emitida por la Secci\u00f3n 22 del SNTE, en que calific\u00f3 la educaci\u00f3n como un lastre y de rezagos.<\/p>\n\n\n\n<p>Reproch\u00f3 que el gobierno de Oaxaca reproduzca la l\u00f3gica del obradorismo: administrar el conflicto sin resolver los problemas estructurales.<\/p>\n\n\n\n<p>\u201cDesde la reforma educativa y la imposici\u00f3n del nuevo lEEPO, las problem\u00e1ticas de fondo en la educaci\u00f3n oaxaque\u00f1a no han sido atendidas. El Instituto desconoce las realidades operativas, organizativas y acad\u00e9micas de cada nivel educativo, mientras que los recursos federales destinados a la educaci\u00f3n se ejercen con total opacidad.<\/p>\n\n\n\n<p>\u201cLa movilizaci\u00f3n permanente del MDTEO (Movimiento Democr\u00e1tico) ha sido fundamental para exigir el cumplimiento de derechos que corresponden por ley; sin embargo, el gobierno insiste en una estrategia dilatoria basada en paliativos, evitando una soluci\u00f3n estructural de fondo\u201d.<\/p>\n\n\n\n<p>Ese es el otro escenario de crisis que predominar\u00e1 en Oaxaca durante el primer semestre del a\u00f1o, pues una administraci\u00f3n plagada de errores y omisiones por parte de Emilio Montero P\u00e9rez ha descuidado la relaci\u00f3n magisterial.<\/p>\n\n\n\n<p>El texto del posicionamiento no revela m\u00e1s que inconformidad no solamente por la falta de resultados en materia educativa, sino en otros aspectos, como la seguridad y la democracia.&nbsp;<\/p>\n\n\n\n<p>As\u00ed que habr\u00e1 tambi\u00e9n movilizaciones continuas, as\u00ed como paro de labores y toda clase de afectaciones\u2026 en contra de la ni\u00f1ez oaxaque\u00f1a, en aras de posicionamientos pol\u00edticos.<\/p>\n\n\n\n<p>POSREVOCACI\u00d3N<\/p>\n\n\n\n<p>Y ya de lleno en la sucesi\u00f3n gubernamental, hasta muchos funcionarios de la actual administraci\u00f3n estatal intensificar\u00e1n sus posturas radicales, con tal de lograr \u201cposicionarse\u201d (como si ese fuera el m\u00e9todo).<\/p>\n\n\n\n<p>Ya sea para formar parte del equipo o titular de la candidatura a la silla del Palacio de Gobierno o \u201ccuando menos\u201d para una diputaci\u00f3n federal o local.<\/p>\n\n\n\n<p>Las crisis pol\u00edticas y sociales no vendr\u00e1n solamente de actores externos, sino internos, como ha venido sucediendo en los \u00faltimos meses, en que muchos funcionarios se puyan entre s\u00ed.<\/p>\n\n\n\n<p>El propio mandatario estatal reconoci\u00f3 la ma\u00f1ana de este lunes que ha habido abulia, apat\u00eda, por parte de muchos servidores p\u00fablicos.<\/p>\n\n\n\n<p>Y Jara Cruz tendr\u00e1 que tomar determinaciones tajantes, para evitar sorpresas y para evitar mayores complicaciones en lo que resta de su mandato.<\/p>\n\n\n\n<p>Porque, adem\u00e1s, la jornada de Revocaci\u00f3n de Mandato no le favoreci\u00f3 y eso habla del nulo trabajo de muchos funcionarios tanto gubernamentales como del Partido Morena.<\/p>\n\n\n\n<p>La sorpresa fue que un importante n\u00famero de personas vot\u00f3 para que le sea revocado el cargo, casi el 40 por ciento, mientras que el 58 por ciento lo hizo a favor, pero en general hubo apenas participaci\u00f3n superior a los 800 mil votos, es decir solamente casi el 30 por ciento acudi\u00f3 a la consulta.<\/p>\n\n\n\n<p>La jornada del domingo revel\u00f3 tambi\u00e9n que las comunidades del interior del estado siguen siendo manipuladas, como en los viejos tiempos del PRI, a trav\u00e9s de diversas d\u00e1divas, mientras que las urbes, como la capital, hay un alto porcentaje de rechazo.<\/p>\n\n\n\n<p>As\u00ed que Jara Cruz no las tiene todas consigo. Como lo hemos dicho con anterioridad, tendr\u00e1 que haber ya un viraje de tim\u00f3n, de lo contrario la otra fracci\u00f3n del morenismo asumir\u00e1 el poder estatal en las pr\u00f3ximas elecciones.<\/p>\n","protected":false},"excerpt":{"rendered":"<p>Ismael Garc\u00eda M.\/Zona Roja. Oaxaca, Oax., a 26 de enero de 2026.- Una vez concluido&hellip;<\/p>\n","protected":false},"author":2,"featured_media":67764,"comment_status":"closed","ping_status":"open","sticky":false,"template":"","format":"standard","meta":{"_lmt_disableupdate":"","_lmt_disable":"","_jetpack_memberships_contains_paid_content":false,"footnotes":""},"categories":[456,109,48],"tags":[1353],"class_list":["post-89472","post","type-post","status-publish","format-standard","has-post-thumbnail","hentry","category-columna","category-minuto-a-minuto","category-zona-critica","tag-opinion-zona-critica"],"jetpack_featured_media_url":"https:\/\/zonaroja.com.mx\/wp-content\/uploads\/2024\/04\/Opinion-Zona-Roja-Ismael-Garcia.jpg","jetpack_sharing_enabled":true,"_links":{"self":[{"href":"https:\/\/zonaroja.com.mx\/index.php?rest_route=\/wp\/v2\/posts\/89472","targetHints":{"allow":["GET"]}}],"collection":[{"href":"https:\/\/zonaroja.com.mx\/index.php?rest_route=\/wp\/v2\/posts"}],"about":[{"href":"https:\/\/zonaroja.com.mx\/index.php?rest_route=\/wp\/v2\/types\/post"}],"author":[{"embeddable":true,"href":"https:\/\/zonaroja.com.mx\/index.php?rest_route=\/wp\/v2\/users\/2"}],"replies":[{"embeddable":true,"href":"https:\/\/zonaroja.com.mx\/index.php?rest_route=%2Fwp%2Fv2%2Fcomments&post=89472"}],"version-history":[{"count":2,"href":"https:\/\/zonaroja.com.mx\/index.php?rest_route=\/wp\/v2\/posts\/89472\/revisions"}],"predecessor-version":[{"id":89479,"href":"https:\/\/zonaroja.com.mx\/index.php?rest_route=\/wp\/v2\/posts\/89472\/revisions\/89479"}],"wp:featuredmedia":[{"embeddable":true,"href":"https:\/\/zonaroja.com.mx\/index.php?rest_route=\/wp\/v2\/media\/67764"}],"wp:attachment":[{"href":"https:\/\/zonaroja.com.mx\/index.php?rest_route=%2Fwp%2Fv2%2Fmedia&parent=89472"}],"wp:term":[{"taxonomy":"category","embeddable":true,"href":"https:\/\/zonaroja.com.mx\/index.php?rest_route=%2Fwp%2Fv2%2Fcategories&post=89472"},{"taxonomy":"post_tag","embeddable":true,"href":"https:\/\/zonaroja.com.mx\/index.php?rest_route=%2Fwp%2Fv2%2Ftags&post=89472"}],"curies":[{"name":"wp","href":"https:\/\/api.w.org\/{rel}","templated":true}]}}