{"id":89474,"date":"2026-01-26T12:43:00","date_gmt":"2026-01-26T18:43:00","guid":{"rendered":"https:\/\/zonaroja.com.mx\/?p=89474"},"modified":"2026-01-26T09:45:15","modified_gmt":"2026-01-26T15:45:15","slug":"ex-edil-porfirio-santos-obstaculizo-ejercicio-de-autoridades-de-la-experimental","status":"publish","type":"post","link":"https:\/\/zonaroja.com.mx\/?p=89474","title":{"rendered":"Ex edil Porfirio Santos obstaculiz\u00f3 ejercicio de autoridades de La Experimental"},"content":{"rendered":"\n<p>Lisbeth Mej\u00eda Reyes\/Zona Roja.<\/p>\n\n\n\n<p>Oaxaca, Oax., a 26 de enero de 2026.- El Tribunal Electoral del Estado de Oaxaca (TEEO) confirm\u00f3 que el ex presidente municipal de San Antonio de la Cal, Porfirio Santos Mat\u00edas, obstaculiz\u00f3 el ejercicio de las funciones de las autoridades de la agencia de polic\u00eda La Experimental, al no pagarles las dietas que por derecho les correspond\u00edan.<\/p>\n\n\n\n<p>Este viernes, el tribunal resolvi\u00f3 el Juicio para la Protecci\u00f3n de los Derechos Pol\u00edtico Electorales de la Ciudadan\u00eda en el R\u00e9gimen de los Sistemas Normativos Internos JDCI\/157\/2025 promovido por las autoridades de la agencia, en el que se inconformaron por la falta de pago de dietas y aguinaldo del 2024, adem\u00e1s de la falta de pago de algunas dietas del 2025. Tambi\u00e9n se quejaron por la falta de administraci\u00f3n de los recursos federales de los ramos 28 y 33 \u00aby por transgredir el Sistema Normativo Ind\u00edgena de su comunidad\u00bb.<\/p>\n\n\n\n<p>En su resoluci\u00f3n, el TEEO se declar\u00f3 incompetente para conocer de la ministraci\u00f3n de los recursos de tales ramos. Sin embargo, \u00aben cuanto al pago de dietas del 2025, declar\u00f3 fundado el agravio reclamado y sostuvo que, con la falta de pago de las dietas, se les afect\u00f3 su derecho a ejercer su cargo, pero no se transgredieron los Sistemas Normativos de la comunidad\u00bb.<\/p>\n\n\n\n<p>Durante su administraci\u00f3n, el ex edil Porfirio Santos tambi\u00e9n fue denunciado por diversas irregularidades en su administraci\u00f3n tales como la falta de obra p\u00fablica, opacidad en el manejo de los recursos y violencia pol\u00edtica en raz\u00f3n de g\u00e9nero, entre otras. Tambi\u00e9n porque quer\u00eda reelegirse en el cargo e incluso seguir en el poder como suplente en la planilla que encabez\u00f3 su hermano, V\u00edctor Santos Mat\u00edas, para el reciente proceso electoral del 2025.<\/p>\n","protected":false},"excerpt":{"rendered":"<p>Lisbeth Mej\u00eda Reyes\/Zona Roja. Oaxaca, Oax., a 26 de enero de 2026.- El Tribunal Electoral&hellip;<\/p>\n","protected":false},"author":2,"featured_media":80667,"comment_status":"closed","ping_status":"open","sticky":false,"template":"","format":"standard","meta":{"_lmt_disableupdate":"","_lmt_disable":"","_jetpack_memberships_contains_paid_content":false,"footnotes":""},"categories":[109,46],"tags":[3670,875],"class_list":["post-89474","post","type-post","status-publish","format-standard","has-post-thumbnail","hentry","category-minuto-a-minuto","category-zona-blanca","tag-porfirio-santos-matias","tag-san-antonio-de-la-cal"],"jetpack_featured_media_url":"https:\/\/zonaroja.com.mx\/wp-content\/uploads\/2025\/05\/Porfirio-Santos-Matias-1.jpg","jetpack_sharing_enabled":true,"_links":{"self":[{"href":"https:\/\/zonaroja.com.mx\/index.php?rest_route=\/wp\/v2\/posts\/89474","targetHints":{"allow":["GET"]}}],"collection":[{"href":"https:\/\/zonaroja.com.mx\/index.php?rest_route=\/wp\/v2\/posts"}],"about":[{"href":"https:\/\/zonaroja.com.mx\/index.php?rest_route=\/wp\/v2\/types\/post"}],"author":[{"embeddable":true,"href":"https:\/\/zonaroja.com.mx\/index.php?rest_route=\/wp\/v2\/users\/2"}],"replies":[{"embeddable":true,"href":"https:\/\/zonaroja.com.mx\/index.php?rest_route=%2Fwp%2Fv2%2Fcomments&post=89474"}],"version-history":[{"count":1,"href":"https:\/\/zonaroja.com.mx\/index.php?rest_route=\/wp\/v2\/posts\/89474\/revisions"}],"predecessor-version":[{"id":89475,"href":"https:\/\/zonaroja.com.mx\/index.php?rest_route=\/wp\/v2\/posts\/89474\/revisions\/89475"}],"wp:featuredmedia":[{"embeddable":true,"href":"https:\/\/zonaroja.com.mx\/index.php?rest_route=\/wp\/v2\/media\/80667"}],"wp:attachment":[{"href":"https:\/\/zonaroja.com.mx\/index.php?rest_route=%2Fwp%2Fv2%2Fmedia&parent=89474"}],"wp:term":[{"taxonomy":"category","embeddable":true,"href":"https:\/\/zonaroja.com.mx\/index.php?rest_route=%2Fwp%2Fv2%2Fcategories&post=89474"},{"taxonomy":"post_tag","embeddable":true,"href":"https:\/\/zonaroja.com.mx\/index.php?rest_route=%2Fwp%2Fv2%2Ftags&post=89474"}],"curies":[{"name":"wp","href":"https:\/\/api.w.org\/{rel}","templated":true}]}}