{"id":89476,"date":"2026-01-26T13:46:00","date_gmt":"2026-01-26T19:46:00","guid":{"rendered":"https:\/\/zonaroja.com.mx\/?p=89476"},"modified":"2026-01-26T09:47:47","modified_gmt":"2026-01-26T15:47:47","slug":"la-nueva-corte-gasta-1-2-mdp-en-ritual-de-purificacion-y-omite-pago-a-indigenas","status":"publish","type":"post","link":"https:\/\/zonaroja.com.mx\/?p=89476","title":{"rendered":"La nueva Corte gasta 1.2 mdp en ritual de \u2018purificaci\u00f3n\u2019 y omite pago a ind\u00edgenas"},"content":{"rendered":"\n<p>Redacci\u00f3n\/Zona Roja Cdmx.<\/p>\n\n\n\n<p>(Informaci\u00f3n de Pol\u00edtico.Mx)<\/p>\n\n\n\n<p>Ciudad de M\u00e9xico, a 26 de enero de 2026.- La llegada de los nuevos ministros electos a la Suprema Corte de Justicia de la Naci\u00f3n (SCJN) estuvo marcada por un ritual de \u201cpurificaci\u00f3n\u201d en el Z\u00f3calo capitalino que cost\u00f3 al erario 1 mill\u00f3n 254 mil 121 pesos.&nbsp;<\/p>\n\n\n\n<p>Sin embargo, la pol\u00e9mica no radica solo en el monto, sino en el destino de los recursos: mientras se pagaron miles de pesos en ba\u00f1os VIP y banquetes, los l\u00edderes de pueblos originarios que oficiaron la ceremonia no recibieron pago alguno.<\/p>\n\n\n\n<p>Documentos de transparencia revelados por \u201cEl Universal\u201d exhiben que la Direcci\u00f3n General de Recursos Materiales de la Corte dispers\u00f3 m\u00e1s de 1.2 millones de pesos entre cinco proveedores privados para la log\u00edstica del evento del pasado 1 de septiembre de 2025.<\/p>\n\n\n\n<p>La log\u00edstica de la ceremonia implic\u00f3 transferencias directas por montos individuales que promedian los 250 mil pesos por proveedor.<\/p>\n\n\n\n<p>Entre los pagos m\u00e1s destacados se encuentran:<\/p>\n\n\n\n<p>* 254 mil 29 pesos al Consorcio Industrial ALO-MAR, S.A. de C.V. por la renta de ba\u00f1os port\u00e1tiles, que incluyeron unidades tipo VIP y lavamanos.<\/p>\n\n\n\n<p>* 260 mil 584 pesos a Consorcio Audiovisa, S.A. de C.V. por equipo de audio y micr\u00f3fonos inal\u00e1mbricos.<\/p>\n\n\n\n<p>* 249 mil 400 pesos para Gourmet Tisant, S.A. de C.V. cubriendo conceptos de coffee break, bocadillos y box lunches.<\/p>\n\n\n\n<p>El escenario y la infraestructura t\u00e9cnica fueron cubiertos por Grupo Vinnicom, S.A. de C.V. con 247 mil 877 pesos y Losemex Tent, S.A. de C.V. con 242 mil 230 pesos, encargados del templete, pabellones de aluminio y la impresi\u00f3n de viniles.<\/p>\n\n\n\n<p>Y LAS OMISIONES<\/p>\n\n\n\n<p>A pesar del despliegue presupuestal en empresas privadas, la Secretar\u00eda General de la Presidencia de la Corte inform\u00f3 que no localiz\u00f3 registros documentales de remuneraciones o gastos de traslado para los integrantes de los pueblos Mazateco, Otom\u00ed, Mixteco, Zapoteca, Mazahua y Wix\u00e1rika que participaron en el acto.<\/p>\n\n\n\n<p>La instituci\u00f3n tambi\u00e9n aclar\u00f3 que no hubo costo por la manufactura de los bastones de mando, ya que fueron aportados por los propios pueblos ind\u00edgenas en ejercicio de su autonom\u00eda.<\/p>\n\n\n\n<p>Durante la ceremonia, encabezada por m\u00e9dicas tradicionales como Teresa de Jes\u00fas R\u00edos y Yolanda Bautista, se entregaron las insignias de mando a los nuevos integrantes del tribunal.<\/p>\n\n\n\n<p>En esta \u00faltima semana se han dado a conocer diversos gastos que ponen en duda el discurso de austeridad prometida en la reforma judicial en la conformaci\u00f3n de la nueva Suprema Corte.<\/p>\n","protected":false},"excerpt":{"rendered":"<p>Redacci\u00f3n\/Zona Roja Cdmx. (Informaci\u00f3n de Pol\u00edtico.Mx) Ciudad de M\u00e9xico, a 26 de enero de 2026.-&hellip;<\/p>\n","protected":false},"author":2,"featured_media":89477,"comment_status":"closed","ping_status":"open","sticky":false,"template":"","format":"standard","meta":{"_lmt_disableupdate":"","_lmt_disable":"","_jetpack_memberships_contains_paid_content":false,"footnotes":""},"categories":[109,47],"tags":[2878],"class_list":["post-89476","post","type-post","status-publish","format-standard","has-post-thumbnail","hentry","category-minuto-a-minuto","category-zona-gris","tag-suprema-corte-de-justicia-de-la-nacion-scjn"],"jetpack_featured_media_url":"https:\/\/zonaroja.com.mx\/wp-content\/uploads\/2026\/01\/Limpia-Poder-Judicial.jpeg","jetpack_sharing_enabled":true,"_links":{"self":[{"href":"https:\/\/zonaroja.com.mx\/index.php?rest_route=\/wp\/v2\/posts\/89476","targetHints":{"allow":["GET"]}}],"collection":[{"href":"https:\/\/zonaroja.com.mx\/index.php?rest_route=\/wp\/v2\/posts"}],"about":[{"href":"https:\/\/zonaroja.com.mx\/index.php?rest_route=\/wp\/v2\/types\/post"}],"author":[{"embeddable":true,"href":"https:\/\/zonaroja.com.mx\/index.php?rest_route=\/wp\/v2\/users\/2"}],"replies":[{"embeddable":true,"href":"https:\/\/zonaroja.com.mx\/index.php?rest_route=%2Fwp%2Fv2%2Fcomments&post=89476"}],"version-history":[{"count":1,"href":"https:\/\/zonaroja.com.mx\/index.php?rest_route=\/wp\/v2\/posts\/89476\/revisions"}],"predecessor-version":[{"id":89478,"href":"https:\/\/zonaroja.com.mx\/index.php?rest_route=\/wp\/v2\/posts\/89476\/revisions\/89478"}],"wp:featuredmedia":[{"embeddable":true,"href":"https:\/\/zonaroja.com.mx\/index.php?rest_route=\/wp\/v2\/media\/89477"}],"wp:attachment":[{"href":"https:\/\/zonaroja.com.mx\/index.php?rest_route=%2Fwp%2Fv2%2Fmedia&parent=89476"}],"wp:term":[{"taxonomy":"category","embeddable":true,"href":"https:\/\/zonaroja.com.mx\/index.php?rest_route=%2Fwp%2Fv2%2Fcategories&post=89476"},{"taxonomy":"post_tag","embeddable":true,"href":"https:\/\/zonaroja.com.mx\/index.php?rest_route=%2Fwp%2Fv2%2Ftags&post=89476"}],"curies":[{"name":"wp","href":"https:\/\/api.w.org\/{rel}","templated":true}]}}