{"id":89486,"date":"2026-01-26T18:38:59","date_gmt":"2026-01-27T00:38:59","guid":{"rendered":"https:\/\/zonaroja.com.mx\/?p=89486"},"modified":"2026-01-26T18:39:00","modified_gmt":"2026-01-27T00:39:00","slug":"el-mult-saldra-a-las-calles-de-oaxaca-otra-vez-por-aniversario","status":"publish","type":"post","link":"https:\/\/zonaroja.com.mx\/?p=89486","title":{"rendered":"El MULT saldr\u00e1 a las calles de Oaxaca, otra vez por aniversario"},"content":{"rendered":"\n<p>Raymundo Morales\/Zona Roja.<\/p>\n\n\n\n<p>Oaxaca, Oax., a 26 de enero de 2026.- A pesar de que ya hab\u00eda marchado y efectuado actividades por el 45 aniversario de su fundaci\u00f3n, el Movimiento de Unificaci\u00f3n y Lucha Triqui (MULT) anunci\u00f3 nueva conmemoraci\u00f3n.<\/p>\n\n\n\n<p>Ser\u00e1 el pr\u00f3ximo 2 de febrero en que efectuar\u00e1 una movilizaci\u00f3n multitudinaria en la capital de Oaxaca, por su conmemoraci\u00f3n y tambi\u00e9n por el 54 aniversario luctuoso de Genaro V\u00e1squez Rojas.<\/p>\n\n\n\n<p>\u201cHace 45 a\u00f1os, nuestra organizaci\u00f3n sali\u00f3 a las calles a denunciar la represi\u00f3n brutal del Estado y sus guardias blancas, las comunidades triquis y sus pobladores por defender su territorio, sus recursos naturales y sus tierras ancestrales, hab\u00edan sido quemadas sus casas, asesinados, encarcelados, desplazados y desaparecidos por levantar la voz en contra de aquellos que pretend\u00edan despojarnos de nuestro territorio\u201d, difundi\u00f3 en un comunicado.<\/p>\n\n\n\n<p>En ese lapso, dijo, han sufrido p\u00e9rdidas, como la \u201cejecuci\u00f3n extrajudicial\u201d, en octubre de 2010, de su fundador y dirigente Heriberto Pazos Ortiz. Asimismo, m\u00faltiples atentados contra otro de los fundadores del MULT, Juan Domingo P\u00e9rez Castillo.<\/p>\n\n\n\n<p>Asimismo, el asesinato de las hermanas Adriana y Virginia Ortiz Garc\u00eda, un 5 de noviembre de 2024, y los m\u00e1s de 20 militantes asesinados en esta administraci\u00f3n gubernamental.<\/p>\n\n\n\n<p>Tambi\u00e9n, m\u00e1s de 50 ataques \u201cdel grupo paramilitar de MULTI contra las comunidades de la monta\u00f1a roja no ha habido avances\u201d; la desaparici\u00f3n forzada de las ni\u00f1as triquis Virginia y Daniela Ortiz Ram\u00edrez desde julio de 2007.<\/p>\n\n\n\n<p>\u201cExigimos en\u00e9rgicamente a los tres \u00f3rdenes de gobierno su intervenci\u00f3n inmediata par haya castigo contra los autores materiales e intelectuales hasta las \u00faltimas consecuencias\u201d, expuso la organizaci\u00f3n social.&nbsp;<\/p>\n\n\n\n<p>La marcha del pr\u00f3ximo 2 de febrero saldr\u00e1 del mercado zonal Santa Rosa Panzacola con destino al z\u00f3calo de la ciudad de Oaxaca, donde reiterar\u00e1n sus exigencias de justicia y \u201cdemostraremos al Estado que nuestra organizaci\u00f3n a\u00fan sigue de pie y con la dignidad y consecuencia de siempre para luchar codo con codo y hombro con hombro con nuestros iguales.<\/p>\n","protected":false},"excerpt":{"rendered":"<p>Raymundo Morales\/Zona Roja. Oaxaca, Oax., a 26 de enero de 2026.- A pesar de que&hellip;<\/p>\n","protected":false},"author":2,"featured_media":69343,"comment_status":"closed","ping_status":"open","sticky":false,"template":"","format":"standard","meta":{"_lmt_disableupdate":"","_lmt_disable":"","_jetpack_memberships_contains_paid_content":false,"footnotes":""},"categories":[109,47],"tags":[867],"class_list":["post-89486","post","type-post","status-publish","format-standard","has-post-thumbnail","hentry","category-minuto-a-minuto","category-zona-gris","tag-movimiento-unificador-de-lucha-triqui-mult"],"jetpack_featured_media_url":"https:\/\/zonaroja.com.mx\/wp-content\/uploads\/2024\/06\/MULT-Movimiento-de-Unificacion-y-Lucha-triqui.jpg","jetpack_sharing_enabled":true,"_links":{"self":[{"href":"https:\/\/zonaroja.com.mx\/index.php?rest_route=\/wp\/v2\/posts\/89486","targetHints":{"allow":["GET"]}}],"collection":[{"href":"https:\/\/zonaroja.com.mx\/index.php?rest_route=\/wp\/v2\/posts"}],"about":[{"href":"https:\/\/zonaroja.com.mx\/index.php?rest_route=\/wp\/v2\/types\/post"}],"author":[{"embeddable":true,"href":"https:\/\/zonaroja.com.mx\/index.php?rest_route=\/wp\/v2\/users\/2"}],"replies":[{"embeddable":true,"href":"https:\/\/zonaroja.com.mx\/index.php?rest_route=%2Fwp%2Fv2%2Fcomments&post=89486"}],"version-history":[{"count":1,"href":"https:\/\/zonaroja.com.mx\/index.php?rest_route=\/wp\/v2\/posts\/89486\/revisions"}],"predecessor-version":[{"id":89487,"href":"https:\/\/zonaroja.com.mx\/index.php?rest_route=\/wp\/v2\/posts\/89486\/revisions\/89487"}],"wp:featuredmedia":[{"embeddable":true,"href":"https:\/\/zonaroja.com.mx\/index.php?rest_route=\/wp\/v2\/media\/69343"}],"wp:attachment":[{"href":"https:\/\/zonaroja.com.mx\/index.php?rest_route=%2Fwp%2Fv2%2Fmedia&parent=89486"}],"wp:term":[{"taxonomy":"category","embeddable":true,"href":"https:\/\/zonaroja.com.mx\/index.php?rest_route=%2Fwp%2Fv2%2Fcategories&post=89486"},{"taxonomy":"post_tag","embeddable":true,"href":"https:\/\/zonaroja.com.mx\/index.php?rest_route=%2Fwp%2Fv2%2Ftags&post=89486"}],"curies":[{"name":"wp","href":"https:\/\/api.w.org\/{rel}","templated":true}]}}