{"id":89497,"date":"2026-01-26T20:26:37","date_gmt":"2026-01-27T02:26:37","guid":{"rendered":"https:\/\/zonaroja.com.mx\/?p=89497"},"modified":"2026-01-26T20:26:39","modified_gmt":"2026-01-27T02:26:39","slug":"vinculan-a-proceso-a-tres-presuntos-narcomenudistas","status":"publish","type":"post","link":"https:\/\/zonaroja.com.mx\/?p=89497","title":{"rendered":"Vinculan a proceso a tres presuntos narcomenudistas"},"content":{"rendered":"\n<p>Redacci\u00f3n\/Zona Roja.&nbsp;<\/p>\n\n\n\n<p>Oaxaca, Oax., a&nbsp; 26 de enero de 2026.-&nbsp;La Fiscal\u00eda General del Estado de Oaxaca (FGEO) obtuvo auto de vinculaci\u00f3n a proceso en contra de tres personas, entre ellas una mujer identificada como E.A.M. y dos hombres identificados como I.H.P. y R.A.C., por el delito contra la salud, en su modalidad de narcomenudeo en la hip\u00f3tesis de comercio, cometido en agravio de la sociedad, en hechos ocurridos en el municipio de Teotitl\u00e1n de Flores Mag\u00f3n.<\/p>\n\n\n\n<p>De acuerdo con lo asentado en el expediente penal, los imputados fueron detenidos el 14 de enero de 2026 por elementos de la Agencia Estatal de Investigaciones (AEI), durante un puesto de inspecci\u00f3n instalado con el objetivo de disminuir la incidencia delictiva en la regi\u00f3n, sobre la carretera federal 182, a la altura del paraje \u201cLa Indita\u201d, en dicho municipio.<\/p>\n\n\n\n<p>Las investigaciones establecen que, al circular por ese punto, los imputados viajaban a bordo de un veh\u00edculo marca Nissan, tipo Tsuru; al realizarles una revisi\u00f3n, los agentes localizaron diversas bolsas de pl\u00e1stico transparente que conten\u00edan una sustancia granulada cristalina con caracter\u00edsticas propias de la droga conocida como cristal, motivo por el cual fueron detenidos y puestos a disposici\u00f3n de la autoridad correspondiente.<\/p>\n\n\n\n<p>Una vez que la FGEO tom\u00f3 conocimiento de los hechos, el caso qued\u00f3 a cargo de la Vicefiscal\u00eda de Control Regional, la cual logr\u00f3 establecer s\u00f3lidas l\u00edneas de investigaci\u00f3n que permitieron que el juez de la causa dictara auto de vinculaci\u00f3n a proceso en contra de E.A.M., I.H.P. y R.A.C., por el delito contra la salud en su modalidad de narcomenudeo en la hip\u00f3tesis de comercio, adem\u00e1s de imponerles la medida cautelar de prisi\u00f3n preventiva justificada y otorgar un plazo de dos meses para el cierre de la investigaci\u00f3n complementaria.<\/p>\n\n\n\n<p>La Fiscal\u00eda General del Estado de Oaxaca reiter\u00f3 que el combate a la venta y distribuci\u00f3n de drogas forma parte de la estrategia de seguridad y procuraci\u00f3n de justicia que se implementa para garantizar la tranquilidad y el bienestar de la sociedad en la entidad.<\/p>\n","protected":false},"excerpt":{"rendered":"<p>Redacci\u00f3n\/Zona Roja.&nbsp; Oaxaca, Oax., a&nbsp; 26 de enero de 2026.-&nbsp;La Fiscal\u00eda General del Estado de&hellip;<\/p>\n","protected":false},"author":2,"featured_media":89498,"comment_status":"closed","ping_status":"open","sticky":false,"template":"","format":"standard","meta":{"_lmt_disableupdate":"","_lmt_disable":"","_jetpack_memberships_contains_paid_content":false,"footnotes":""},"categories":[109,46],"tags":[494],"class_list":["post-89497","post","type-post","status-publish","format-standard","has-post-thumbnail","hentry","category-minuto-a-minuto","category-zona-blanca","tag-fiscalia-general-del-estado-de-oaxaca"],"jetpack_featured_media_url":"https:\/\/zonaroja.com.mx\/wp-content\/uploads\/2026\/01\/narcomenudistas-Teotitlan-de-F-M.jpg","jetpack_sharing_enabled":true,"_links":{"self":[{"href":"https:\/\/zonaroja.com.mx\/index.php?rest_route=\/wp\/v2\/posts\/89497","targetHints":{"allow":["GET"]}}],"collection":[{"href":"https:\/\/zonaroja.com.mx\/index.php?rest_route=\/wp\/v2\/posts"}],"about":[{"href":"https:\/\/zonaroja.com.mx\/index.php?rest_route=\/wp\/v2\/types\/post"}],"author":[{"embeddable":true,"href":"https:\/\/zonaroja.com.mx\/index.php?rest_route=\/wp\/v2\/users\/2"}],"replies":[{"embeddable":true,"href":"https:\/\/zonaroja.com.mx\/index.php?rest_route=%2Fwp%2Fv2%2Fcomments&post=89497"}],"version-history":[{"count":1,"href":"https:\/\/zonaroja.com.mx\/index.php?rest_route=\/wp\/v2\/posts\/89497\/revisions"}],"predecessor-version":[{"id":89499,"href":"https:\/\/zonaroja.com.mx\/index.php?rest_route=\/wp\/v2\/posts\/89497\/revisions\/89499"}],"wp:featuredmedia":[{"embeddable":true,"href":"https:\/\/zonaroja.com.mx\/index.php?rest_route=\/wp\/v2\/media\/89498"}],"wp:attachment":[{"href":"https:\/\/zonaroja.com.mx\/index.php?rest_route=%2Fwp%2Fv2%2Fmedia&parent=89497"}],"wp:term":[{"taxonomy":"category","embeddable":true,"href":"https:\/\/zonaroja.com.mx\/index.php?rest_route=%2Fwp%2Fv2%2Fcategories&post=89497"},{"taxonomy":"post_tag","embeddable":true,"href":"https:\/\/zonaroja.com.mx\/index.php?rest_route=%2Fwp%2Fv2%2Ftags&post=89497"}],"curies":[{"name":"wp","href":"https:\/\/api.w.org\/{rel}","templated":true}]}}