{"id":89507,"date":"2026-01-27T07:01:02","date_gmt":"2026-01-27T13:01:02","guid":{"rendered":"https:\/\/zonaroja.com.mx\/?p=89507"},"modified":"2026-01-27T07:01:04","modified_gmt":"2026-01-27T13:01:04","slug":"reconoce-jara-cruz-fallas-en-gobierno-revisara-actuacion-de-funcionarios","status":"publish","type":"post","link":"https:\/\/zonaroja.com.mx\/?p=89507","title":{"rendered":"Reconoce Jara Cruz fallas en gobierno; revisar\u00e1 actuaci\u00f3n de funcionarios"},"content":{"rendered":"\n<p>Raymundo Morales\/Zona Roja.<\/p>\n\n\n\n<p>Oaxaca, Oax., a 27 de enero de 2026.- \u201cVamos a revisar, porque como seres humanos tambi\u00e9n fallamos y es muy probable que algunos compa\u00f1eros (de gabinete) se han cansado o se han desatendido de su responsabilidad. &nbsp;<\/p>\n\n\n\n<p>\u201cY todo eso vamos a revisarlo, voy a pedirles tambi\u00e9n que hagamos un ejercicio de autocr\u00edtica; un gobierno de izquierda existe la cr\u00edtica y la autocr\u00edtica, existe tambi\u00e9n la revisi\u00f3n interna, le voy a pedir a cada uno nos comente tambi\u00e9n\u201d.<\/p>\n\n\n\n<p>As\u00ed reconoci\u00f3 el gobernador de Oaxaca, Salom\u00f3n Jara Cruz, fallas en su gobierno e incluso desatenciones: &nbsp;<\/p>\n\n\n\n<p>\u201cYo me doy cuenta que la gente los viene a ver a algunos, a veces no los atienden, a veces no les abren la puerta\u201d.<\/p>\n\n\n\n<p>En la conferencia de prensa de este lunes, una vez que concluy\u00f3 la consulta de Revocaci\u00f3n de Mandato, el mandatario fue cuestionado respecto a los resultados obtenidos, en que logr\u00f3 el voto mayoritario para continuar en el cargo.<\/p>\n\n\n\n<p>Asegur\u00f3 que la jornada de super\u00f3 ejercicios democr\u00e1ticos federales y locales previos, lo cual coloca a Oaxaca como protagonista de la transformaci\u00f3n de la vida p\u00fablica de M\u00e9xico.<\/p>\n\n\n\n<p>Tras reconocer que sectores importantes de la sociedad en edad de votar pidi\u00f3 su relevo y mantiene inconformidades, expuso:<\/p>\n\n\n\n<p>\u201cVoy a escuchar al sector de la sociedad que no nos apoy\u00f3, nosotros tenemos la responsabilidad de trabajar para todas y todos, y si hay cosas que corregir, lo vamos hacer con humildad y trabajando 16 horas diarias durante estos tres a\u00f1os que nos quedan\u201d, expres\u00f3 Jara Cruz.<\/p>\n\n\n\n<p>Inform\u00f3 que casi el 30 por ciento de las y los oaxaque\u00f1os registrados en la lista nominal acudi\u00f3 a sufragar este domingo, lo que representa un porcentaje mayor al registrado en la consulta ciudadana sobre el juicio a los expresidentes, la revocaci\u00f3n del expresidente Andr\u00e9s Manuel L\u00f3pez Obrador y la reciente elecci\u00f3n judicial federal.<\/p>\n\n\n\n<p>\u201cAqu\u00ed no hubo imposiciones ni simulaciones, solo un pueblo consciente y participativo ejerciendo su derecho y expresando su sentir. Se vot\u00f3 en libertad y todos pudieron ejercer su derecho a la cr\u00edtica\u201d, afirm\u00f3.<\/p>\n\n\n\n<p>Reconoci\u00f3 la responsabilidad c\u00edvica de todas las personas que salieron a sufragar, toda vez que la verdadera democracia no se decreta, se practica; no se simula, se vive y se construye en las urnas.<\/p>\n\n\n\n<p>El gobernante record\u00f3 que este ejercicio in\u00e9dito de participaci\u00f3n directa fue un compromiso hecho en campa\u00f1a, que en 2022 al asumir el cargo se concret\u00f3 a trav\u00e9s de una iniciativa que present\u00f3 al Congreso del Estado, un acto de congruencia con sus principios y valores democr\u00e1ticos.<\/p>\n\n\n\n<p>\u201cCumpl\u00ed mi compromiso de promover el ejercicio del derecho ciudadano a evaluar nuestro desempe\u00f1o siempre he sido un hombre congruente. Pudimos evadir nuestra responsabilidad o simular. No lo hicimos\u201d, concluy\u00f3.<\/p>\n","protected":false},"excerpt":{"rendered":"<p>Raymundo Morales\/Zona Roja. Oaxaca, Oax., a 27 de enero de 2026.- \u201cVamos a revisar, porque&hellip;<\/p>\n","protected":false},"author":2,"featured_media":89508,"comment_status":"closed","ping_status":"open","sticky":false,"template":"","format":"standard","meta":{"_lmt_disableupdate":"","_lmt_disable":"","_jetpack_memberships_contains_paid_content":false,"footnotes":""},"categories":[109,46],"tags":[939],"class_list":["post-89507","post","type-post","status-publish","format-standard","has-post-thumbnail","hentry","category-minuto-a-minuto","category-zona-blanca","tag-salomon-jara-cruz"],"jetpack_featured_media_url":"https:\/\/zonaroja.com.mx\/wp-content\/uploads\/2026\/01\/Salomon-Jara-conferencia.jpg","jetpack_sharing_enabled":true,"_links":{"self":[{"href":"https:\/\/zonaroja.com.mx\/index.php?rest_route=\/wp\/v2\/posts\/89507","targetHints":{"allow":["GET"]}}],"collection":[{"href":"https:\/\/zonaroja.com.mx\/index.php?rest_route=\/wp\/v2\/posts"}],"about":[{"href":"https:\/\/zonaroja.com.mx\/index.php?rest_route=\/wp\/v2\/types\/post"}],"author":[{"embeddable":true,"href":"https:\/\/zonaroja.com.mx\/index.php?rest_route=\/wp\/v2\/users\/2"}],"replies":[{"embeddable":true,"href":"https:\/\/zonaroja.com.mx\/index.php?rest_route=%2Fwp%2Fv2%2Fcomments&post=89507"}],"version-history":[{"count":1,"href":"https:\/\/zonaroja.com.mx\/index.php?rest_route=\/wp\/v2\/posts\/89507\/revisions"}],"predecessor-version":[{"id":89509,"href":"https:\/\/zonaroja.com.mx\/index.php?rest_route=\/wp\/v2\/posts\/89507\/revisions\/89509"}],"wp:featuredmedia":[{"embeddable":true,"href":"https:\/\/zonaroja.com.mx\/index.php?rest_route=\/wp\/v2\/media\/89508"}],"wp:attachment":[{"href":"https:\/\/zonaroja.com.mx\/index.php?rest_route=%2Fwp%2Fv2%2Fmedia&parent=89507"}],"wp:term":[{"taxonomy":"category","embeddable":true,"href":"https:\/\/zonaroja.com.mx\/index.php?rest_route=%2Fwp%2Fv2%2Fcategories&post=89507"},{"taxonomy":"post_tag","embeddable":true,"href":"https:\/\/zonaroja.com.mx\/index.php?rest_route=%2Fwp%2Fv2%2Ftags&post=89507"}],"curies":[{"name":"wp","href":"https:\/\/api.w.org\/{rel}","templated":true}]}}