{"id":89515,"date":"2026-01-27T10:10:00","date_gmt":"2026-01-27T16:10:00","guid":{"rendered":"https:\/\/zonaroja.com.mx\/?p=89515"},"modified":"2026-01-27T07:12:40","modified_gmt":"2026-01-27T13:12:40","slug":"frustran-robo-con-violencia-en-mercado-de-abasto-de-oaxaca","status":"publish","type":"post","link":"https:\/\/zonaroja.com.mx\/?p=89515","title":{"rendered":"Frustran robo con violencia en Mercado de Abasto de Oaxaca"},"content":{"rendered":"\n<p>Redacci\u00f3n\/Zona Roja.<\/p>\n\n\n\n<p>Oaxaca, Oax., a 27 de enero de 2026.- La oportuna intervenci\u00f3n del personal de la Secretar\u00eda de Seguridad Vecinal de Oaxaca de Ju\u00e1rez logr\u00f3 la detenci\u00f3n de una persona que comet\u00eda un robo con violencia en un local en la Zona Modular del Mercado de Abasto.<\/p>\n\n\n\n<p>La intervenci\u00f3n ocurri\u00f3 la tarde de este lunes cuando elementos de la Direcci\u00f3n de Proximidad Social realizaban un operativo de prevenci\u00f3n en el pasillo del M\u00f3dulo Q.<\/p>\n\n\n\n<p>Al pasar frente al establecimiento Mini Abastos, escucharon los gritos de auxilio de una mujer, por lo cual decidieron intervenir.<\/p>\n\n\n\n<p>Al ingresar, observaron que un sujeto, que portaba una botella de vidrio rota, somet\u00eda a la empleada, por lo cual lo controlaron y lograron rescatar a la empleada, quien presentaba crisis nerviosa, sin que resultara lesionada.<\/p>\n\n\n\n<p>El sujeto detenido, quien presuntamente se encontraba bajo los efectos de alguna droga, no pudo proporcionar sus generales, as\u00ed como recibi\u00f3 asistencia m\u00e9dica por las heridas que presentaba, ya que, seg\u00fan la empleada, se lesion\u00f3 al momento de romper la botella.<\/p>\n\n\n\n<p>Finalmente, el detenido qued\u00f3 a disposici\u00f3n de la Fiscal\u00eda General del Estado para determinar su situaci\u00f3n jur\u00eddica.<\/p>\n\n\n\n<p>Con estas acciones, el gobierno municipal garantiza la seguridad de las vecinas y vecinos de Oaxaca de Ju\u00e1rez.<\/p>\n","protected":false},"excerpt":{"rendered":"<p>Redacci\u00f3n\/Zona Roja. Oaxaca, Oax., a 27 de enero de 2026.- La oportuna intervenci\u00f3n del personal&hellip;<\/p>\n","protected":false},"author":2,"featured_media":89519,"comment_status":"closed","ping_status":"open","sticky":false,"template":"","format":"standard","meta":{"_lmt_disableupdate":"","_lmt_disable":"","_jetpack_memberships_contains_paid_content":false,"footnotes":""},"categories":[109,46],"tags":[148],"class_list":["post-89515","post","type-post","status-publish","format-standard","has-post-thumbnail","hentry","category-minuto-a-minuto","category-zona-blanca","tag-oaxaca-de-juarez"],"jetpack_featured_media_url":"https:\/\/zonaroja.com.mx\/wp-content\/uploads\/2026\/01\/Frustran-asalto-mercado-de-abasto-Oaxaca.jpg","jetpack_sharing_enabled":true,"_links":{"self":[{"href":"https:\/\/zonaroja.com.mx\/index.php?rest_route=\/wp\/v2\/posts\/89515","targetHints":{"allow":["GET"]}}],"collection":[{"href":"https:\/\/zonaroja.com.mx\/index.php?rest_route=\/wp\/v2\/posts"}],"about":[{"href":"https:\/\/zonaroja.com.mx\/index.php?rest_route=\/wp\/v2\/types\/post"}],"author":[{"embeddable":true,"href":"https:\/\/zonaroja.com.mx\/index.php?rest_route=\/wp\/v2\/users\/2"}],"replies":[{"embeddable":true,"href":"https:\/\/zonaroja.com.mx\/index.php?rest_route=%2Fwp%2Fv2%2Fcomments&post=89515"}],"version-history":[{"count":1,"href":"https:\/\/zonaroja.com.mx\/index.php?rest_route=\/wp\/v2\/posts\/89515\/revisions"}],"predecessor-version":[{"id":89520,"href":"https:\/\/zonaroja.com.mx\/index.php?rest_route=\/wp\/v2\/posts\/89515\/revisions\/89520"}],"wp:featuredmedia":[{"embeddable":true,"href":"https:\/\/zonaroja.com.mx\/index.php?rest_route=\/wp\/v2\/media\/89519"}],"wp:attachment":[{"href":"https:\/\/zonaroja.com.mx\/index.php?rest_route=%2Fwp%2Fv2%2Fmedia&parent=89515"}],"wp:term":[{"taxonomy":"category","embeddable":true,"href":"https:\/\/zonaroja.com.mx\/index.php?rest_route=%2Fwp%2Fv2%2Fcategories&post=89515"},{"taxonomy":"post_tag","embeddable":true,"href":"https:\/\/zonaroja.com.mx\/index.php?rest_route=%2Fwp%2Fv2%2Ftags&post=89515"}],"curies":[{"name":"wp","href":"https:\/\/api.w.org\/{rel}","templated":true}]}}