{"id":89521,"date":"2026-01-27T12:15:00","date_gmt":"2026-01-27T18:15:00","guid":{"rendered":"https:\/\/zonaroja.com.mx\/?p=89521"},"modified":"2026-01-27T07:16:35","modified_gmt":"2026-01-27T13:16:35","slug":"la-suprema-corte-invalida-norma-que-sancionaba-halconeo-en-sinaloa","status":"publish","type":"post","link":"https:\/\/zonaroja.com.mx\/?p=89521","title":{"rendered":"La Suprema Corte invalida norma que sancionaba \u2018halconeo\u2019 en Sinaloa"},"content":{"rendered":"\n<p>Redacci\u00f3n\/Zona Roja Cdmx.<\/p>\n\n\n\n<p>(Informaci\u00f3n de N+ Noticias)<\/p>\n\n\n\n<p>Ciudad de M\u00e9xico, a 27 de enero de 2026.- El Pleno de la Suprema Corte de Justicia de la Naci\u00f3n invalid\u00f3 el art\u00edculo 239 bis del C\u00f3digo Penal de Sinaloa que sanciona con prisi\u00f3n a quienes esp\u00eden, persigan o proporcionen informaci\u00f3n sobre las actividades de los elementos de seguridad p\u00fablica, conductas popularmente denominadas como \u2018halconeo\u2019.<\/p>\n\n\n\n<p>El ministro ponente, Giovanni Figueroa, propuso invalidar la norma al considerar que su redacci\u00f3n es ambigua, ya que establece una sanci\u00f3n de entre 15 y 4.5 a\u00f1os de prisi\u00f3n \u201cpara quien obtenga informaci\u00f3n, utilizando cualquier medio tecnol\u00f3gico\u201d, sin precisar con claridad la conducta que debe sancionarse.<\/p>\n\n\n\n<p>\u201cLa medida interfiere de manera innecesaria y desproporcionada en el ejercicio del derecho fundamental de acceso a la informaci\u00f3n. Al punto de abarcar supuestos de ejercicio leg\u00edtimo, como solicitudes de informaci\u00f3n o investigaciones period\u00edsticas relacionadas con asuntos de inter\u00e9s p\u00fablico.<\/p>\n\n\n\n<p>\u201cAdem\u00e1s, genera un efecto inhibidor particularmente grave para el gremio period\u00edstico, al criminalizar la b\u00fasqueda de informaci\u00f3n vinculada con la seguridad p\u00fablica y la procuraci\u00f3n de justicia\u201d, dijo.<\/p>\n\n\n\n<p>Por su parte, la ministra Mar\u00eda Estela R\u00edos consider\u00f3 que, \u201cante la realidad social del estado de Sinaloa\u201d y la atenci\u00f3n de \u201cautoridades extranjeras\u201d sobre las tareas de seguridad, la norma deb\u00eda ser validada.&nbsp;<\/p>\n\n\n\n<p>\u201cTomemos en cuenta que estamos viviendo una realidad distinta a la que se vivi\u00f3 antes, hoy todos sabemos que hay un ataque en &nbsp;relaci\u00f3n con el tipo de delitos que se cometen en Sinaloa y en otros lugares en las que las autoridades extranjeras est\u00e1n muy pendientes de este tema, y no quisiera yo que se diera lugar a que so pretexto de que no se combate correctamente este tipo de delitos que va a acaecer, particularmente en Sinaloa, nos vemos expuestos a una serie de consideraciones y acciones que yo creo que no debemos permitir\u201d.<\/p>\n\n\n\n<p>Durante la discusi\u00f3n, el ministro presidente Hugo Aguilar Ortiz se\u00f1al\u00f3 que, pese a esa realidad, el art\u00edculo no precisa con exactitud qu\u00e9 conducta debe sancionarse, y que esa ambig\u00fcedad no es admisible en materia penal.&nbsp;<\/p>\n\n\n\n<p>\u201cNo somos ajenos a la realidad que vive el estado de Sinaloa y a los finales que persigue el legislador local al tratar de regular y tipificar la conducta que ellos llaman el \u2018halconeo\u2019. No estamos cuestionando la figura, la necesidad de atajar estas conductas que han puesto en riesgo o han hecho que no prosperen investigaciones en contra de la delincuencia. Lo que creo que sostiene el proyecto muy bien es que hay un problema de t\u00e9cnica legislativa y genera una ambig\u00fcedad que todo podr\u00eda ser perseguible en materia penal\u201d, expuso.<\/p>\n\n\n\n<p>En la sesi\u00f3n, seis de los ocho ministros presentes votaron a favor de declarar la invalidez del art\u00edculo.<\/p>\n","protected":false},"excerpt":{"rendered":"<p>Redacci\u00f3n\/Zona Roja Cdmx. (Informaci\u00f3n de N+ Noticias) Ciudad de M\u00e9xico, a 27 de enero de&hellip;<\/p>\n","protected":false},"author":2,"featured_media":87311,"comment_status":"closed","ping_status":"open","sticky":false,"template":"","format":"standard","meta":{"_lmt_disableupdate":"","_lmt_disable":"","_jetpack_memberships_contains_paid_content":false,"footnotes":""},"categories":[109,47],"tags":[2878],"class_list":["post-89521","post","type-post","status-publish","format-standard","has-post-thumbnail","hentry","category-minuto-a-minuto","category-zona-gris","tag-suprema-corte-de-justicia-de-la-nacion-scjn"],"jetpack_featured_media_url":"https:\/\/zonaroja.com.mx\/wp-content\/uploads\/2025\/11\/Sesion-Suprema-Corte-de-Justicia-SCJN.jpeg","jetpack_sharing_enabled":true,"_links":{"self":[{"href":"https:\/\/zonaroja.com.mx\/index.php?rest_route=\/wp\/v2\/posts\/89521","targetHints":{"allow":["GET"]}}],"collection":[{"href":"https:\/\/zonaroja.com.mx\/index.php?rest_route=\/wp\/v2\/posts"}],"about":[{"href":"https:\/\/zonaroja.com.mx\/index.php?rest_route=\/wp\/v2\/types\/post"}],"author":[{"embeddable":true,"href":"https:\/\/zonaroja.com.mx\/index.php?rest_route=\/wp\/v2\/users\/2"}],"replies":[{"embeddable":true,"href":"https:\/\/zonaroja.com.mx\/index.php?rest_route=%2Fwp%2Fv2%2Fcomments&post=89521"}],"version-history":[{"count":1,"href":"https:\/\/zonaroja.com.mx\/index.php?rest_route=\/wp\/v2\/posts\/89521\/revisions"}],"predecessor-version":[{"id":89522,"href":"https:\/\/zonaroja.com.mx\/index.php?rest_route=\/wp\/v2\/posts\/89521\/revisions\/89522"}],"wp:featuredmedia":[{"embeddable":true,"href":"https:\/\/zonaroja.com.mx\/index.php?rest_route=\/wp\/v2\/media\/87311"}],"wp:attachment":[{"href":"https:\/\/zonaroja.com.mx\/index.php?rest_route=%2Fwp%2Fv2%2Fmedia&parent=89521"}],"wp:term":[{"taxonomy":"category","embeddable":true,"href":"https:\/\/zonaroja.com.mx\/index.php?rest_route=%2Fwp%2Fv2%2Fcategories&post=89521"},{"taxonomy":"post_tag","embeddable":true,"href":"https:\/\/zonaroja.com.mx\/index.php?rest_route=%2Fwp%2Fv2%2Ftags&post=89521"}],"curies":[{"name":"wp","href":"https:\/\/api.w.org\/{rel}","templated":true}]}}