{"id":89523,"date":"2026-01-27T11:18:00","date_gmt":"2026-01-27T17:18:00","guid":{"rendered":"https:\/\/zonaroja.com.mx\/?p=89523"},"modified":"2026-01-27T07:18:46","modified_gmt":"2026-01-27T13:18:46","slug":"detienen-en-oaxaca-a-mujer-que-mato-a-su-hermano-hace-18-anos","status":"publish","type":"post","link":"https:\/\/zonaroja.com.mx\/?p=89523","title":{"rendered":"Detienen en Oaxaca a mujer que mat\u00f3 a su hermano\u2026 hace 18 a\u00f1os"},"content":{"rendered":"\n<p>Redacci\u00f3n\/Zona Roja.<\/p>\n\n\n\n<p>Oaxaca, Oax., a 27 de enero de 2026.- La colaboraci\u00f3n interinstitucional en los trabajos de procuraci\u00f3n de justicia permiti\u00f3 que la Fiscal\u00eda General del Estado de Oaxaca, en coordinaci\u00f3n con la Fiscal\u00eda General del Estado de Puebla, ejecutaran una orden de aprehensi\u00f3n en contra de una mujer identificada como A.V.M.H., por el delito de homicidio calificado y en raz\u00f3n de parentesco, cometido en agravio de un menor de edad, que era hermano de la persona detenida.<\/p>\n\n\n\n<p>Tras el crimen cometido en Puebla, la mujer permaneci\u00f3 pr\u00f3fuga de la justicia durante 18 a\u00f1os, periodo en el que las autoridades mantuvieron abiertas y activas las investigaciones para procurar justicia a la v\u00edctima.<\/p>\n\n\n\n<p>De acuerdo con el expediente penal, los hechos se remontan al 23 de enero de 2007, cuando la imputada y su pareja presuntamente asfixiaron a un menor de edad hasta provocarle la muerte, la v\u00edctima era hermano de la mujer detenida, identificada como A.V.M.H., originaria de Zongolica, Veracruz.<\/p>\n\n\n\n<p>Derivado del oficio de colaboraci\u00f3n por parte de la Fiscal\u00eda de Puebla, la FGEO canaliz\u00f3 las diligencias a la Vicefiscal\u00eda Regional del Istmo, instancia que realiz\u00f3 los trabajos de investigaci\u00f3n necesarios para ubicar el paradero de la imputada.<\/p>\n\n\n\n<p>Con la informaci\u00f3n recabada, elementos de la Agencia Estatal de Investigaciones (AEI) desplegaron un operativo en la calle Dami\u00e1n Carmona, en la Cuarta Secci\u00f3n del municipio de Reforma de Pineda, en la regi\u00f3n del Istmo de Tehuantepec, donde se logr\u00f3 la detenci\u00f3n de A.V.M.<\/p>\n\n\n\n<p>Luego de su captura, se iniciaron los tr\u00e1mites legales correspondientes para su traslado al estado de Puebla, a fin de ponerla a disposici\u00f3n de la autoridad ministerial competente y determinar su situaci\u00f3n jur\u00eddica.<\/p>\n","protected":false},"excerpt":{"rendered":"<p>Redacci\u00f3n\/Zona Roja. Oaxaca, Oax., a 27 de enero de 2026.- La colaboraci\u00f3n interinstitucional en los&hellip;<\/p>\n","protected":false},"author":2,"featured_media":89518,"comment_status":"closed","ping_status":"open","sticky":false,"template":"","format":"standard","meta":{"_lmt_disableupdate":"","_lmt_disable":"","_jetpack_memberships_contains_paid_content":false,"footnotes":""},"categories":[109,46],"tags":[494],"class_list":["post-89523","post","type-post","status-publish","format-standard","has-post-thumbnail","hentry","category-minuto-a-minuto","category-zona-blanca","tag-fiscalia-general-del-estado-de-oaxaca"],"jetpack_featured_media_url":"https:\/\/zonaroja.com.mx\/wp-content\/uploads\/2026\/01\/Mujer-de-Puebla-detenida-en-Oaxaca-por-homicidio.jpg","jetpack_sharing_enabled":true,"_links":{"self":[{"href":"https:\/\/zonaroja.com.mx\/index.php?rest_route=\/wp\/v2\/posts\/89523","targetHints":{"allow":["GET"]}}],"collection":[{"href":"https:\/\/zonaroja.com.mx\/index.php?rest_route=\/wp\/v2\/posts"}],"about":[{"href":"https:\/\/zonaroja.com.mx\/index.php?rest_route=\/wp\/v2\/types\/post"}],"author":[{"embeddable":true,"href":"https:\/\/zonaroja.com.mx\/index.php?rest_route=\/wp\/v2\/users\/2"}],"replies":[{"embeddable":true,"href":"https:\/\/zonaroja.com.mx\/index.php?rest_route=%2Fwp%2Fv2%2Fcomments&post=89523"}],"version-history":[{"count":1,"href":"https:\/\/zonaroja.com.mx\/index.php?rest_route=\/wp\/v2\/posts\/89523\/revisions"}],"predecessor-version":[{"id":89524,"href":"https:\/\/zonaroja.com.mx\/index.php?rest_route=\/wp\/v2\/posts\/89523\/revisions\/89524"}],"wp:featuredmedia":[{"embeddable":true,"href":"https:\/\/zonaroja.com.mx\/index.php?rest_route=\/wp\/v2\/media\/89518"}],"wp:attachment":[{"href":"https:\/\/zonaroja.com.mx\/index.php?rest_route=%2Fwp%2Fv2%2Fmedia&parent=89523"}],"wp:term":[{"taxonomy":"category","embeddable":true,"href":"https:\/\/zonaroja.com.mx\/index.php?rest_route=%2Fwp%2Fv2%2Fcategories&post=89523"},{"taxonomy":"post_tag","embeddable":true,"href":"https:\/\/zonaroja.com.mx\/index.php?rest_route=%2Fwp%2Fv2%2Ftags&post=89523"}],"curies":[{"name":"wp","href":"https:\/\/api.w.org\/{rel}","templated":true}]}}