{"id":89531,"date":"2026-01-27T14:56:00","date_gmt":"2026-01-27T20:56:00","guid":{"rendered":"https:\/\/zonaroja.com.mx\/?p=89531"},"modified":"2026-01-27T07:57:28","modified_gmt":"2026-01-27T13:57:28","slug":"cancelo-pemex-envio-de-crudo-a-cuba-segun-bloomberg","status":"publish","type":"post","link":"https:\/\/zonaroja.com.mx\/?p=89531","title":{"rendered":"Cancel\u00f3 Pemex env\u00edo de crudo a Cuba, seg\u00fan Bloomberg"},"content":{"rendered":"\n<p>Redacci\u00f3n\/Zona Roja Cdmx.<\/p>\n\n\n\n<p>(Informaci\u00f3n de \u201cLa Jornada\u201d)<\/p>\n\n\n\n<p>Ciudad de M\u00e9xico, a 27 de enero de 2026.-Petr\u00f3leos Mexicanos (Pemex) cancel\u00f3 un env\u00edo de crudo cuyo destino era Cuba, seg\u00fan informaci\u00f3n publicada por el medio estadunidense Bloomberg. Detall\u00f3 que el cargamento iba a ser llevado por el buque Swift Galaxy.<\/p>\n\n\n\n<p>La Jornada solicit\u00f3 un comentario sobre a Petr\u00f3leos Mexicanos (Pemex). La empresa dijo no tener informaci\u00f3n al respecto. En tanto, fuentes de la Secretaria de Relaciones Exteriores se\u00f1alaron a este diario que hasta anoche no se conoc\u00eda alguna medida de este tipo.<\/p>\n\n\n\n<p>De acuerdo con Bloomberg, Pemex ten\u00eda programado embarcar el cargamento a mediados de enero para que llegara a un puerto cubano a fin de mes.<\/p>\n\n\n\n<p>El medio detall\u00f3 que la carga fue retirada del calendario de Pemex sin explicaci\u00f3n.<\/p>\n\n\n\n<p>La supuesta cancelaci\u00f3n del env\u00edo de petr\u00f3leo a Cuba habr\u00eda ocurrido en momentos en que el presidente de Estados Unidos, Donald Trump, ha arremetido contra la isla en redes sociales.<\/p>\n\n\n\n<p>\u201cCuba sobrevivi\u00f3 durante muchos a\u00f1os gracias al petr\u00f3leo y el dinero de Venezuela. A cambio, Cuba proporcion\u00f3 servicios de seguridad a los dos \u00faltimos dictadores venezolanos, \u00a1pero ya no! La mayor\u00eda de esos cubanos han muerto tras el ataque estadunidense de la semana pasada, y Venezuela ya no necesita protecci\u00f3n de los matones y extorsionadores que los mantuvieron secuestrados durante tantos a\u00f1os.<\/p>\n\n\n\n<p>\u201cVenezuela ahora cuenta con Estados Unidos, el ej\u00e9rcito m\u00e1s poderoso del mundo (por mucho!), para protegerlos, y los protegeremos. \u00a1No habr\u00e1 m\u00e1s petr\u00f3leo ni dinero para Cuba! \u00a1Cero! Les sugiero encarecidamente que lleguen a un acuerdo antes de que sea demasiado tarde\u201d, public\u00f3 el pasado 11 de enero.<\/p>\n","protected":false},"excerpt":{"rendered":"<p>Redacci\u00f3n\/Zona Roja Cdmx. (Informaci\u00f3n de \u201cLa Jornada\u201d) Ciudad de M\u00e9xico, a 27 de enero de&hellip;<\/p>\n","protected":false},"author":2,"featured_media":88340,"comment_status":"closed","ping_status":"open","sticky":false,"template":"","format":"standard","meta":{"_lmt_disableupdate":"","_lmt_disable":"","_jetpack_memberships_contains_paid_content":false,"footnotes":""},"categories":[109,47],"tags":[4593],"class_list":["post-89531","post","type-post","status-publish","format-standard","has-post-thumbnail","hentry","category-minuto-a-minuto","category-zona-gris","tag-petroleo-de-mexico-a-cuba"],"jetpack_featured_media_url":"https:\/\/zonaroja.com.mx\/wp-content\/uploads\/2025\/12\/Petroleo-de-Mexico-a-Cuba.jpeg","jetpack_sharing_enabled":true,"_links":{"self":[{"href":"https:\/\/zonaroja.com.mx\/index.php?rest_route=\/wp\/v2\/posts\/89531","targetHints":{"allow":["GET"]}}],"collection":[{"href":"https:\/\/zonaroja.com.mx\/index.php?rest_route=\/wp\/v2\/posts"}],"about":[{"href":"https:\/\/zonaroja.com.mx\/index.php?rest_route=\/wp\/v2\/types\/post"}],"author":[{"embeddable":true,"href":"https:\/\/zonaroja.com.mx\/index.php?rest_route=\/wp\/v2\/users\/2"}],"replies":[{"embeddable":true,"href":"https:\/\/zonaroja.com.mx\/index.php?rest_route=%2Fwp%2Fv2%2Fcomments&post=89531"}],"version-history":[{"count":1,"href":"https:\/\/zonaroja.com.mx\/index.php?rest_route=\/wp\/v2\/posts\/89531\/revisions"}],"predecessor-version":[{"id":89532,"href":"https:\/\/zonaroja.com.mx\/index.php?rest_route=\/wp\/v2\/posts\/89531\/revisions\/89532"}],"wp:featuredmedia":[{"embeddable":true,"href":"https:\/\/zonaroja.com.mx\/index.php?rest_route=\/wp\/v2\/media\/88340"}],"wp:attachment":[{"href":"https:\/\/zonaroja.com.mx\/index.php?rest_route=%2Fwp%2Fv2%2Fmedia&parent=89531"}],"wp:term":[{"taxonomy":"category","embeddable":true,"href":"https:\/\/zonaroja.com.mx\/index.php?rest_route=%2Fwp%2Fv2%2Fcategories&post=89531"},{"taxonomy":"post_tag","embeddable":true,"href":"https:\/\/zonaroja.com.mx\/index.php?rest_route=%2Fwp%2Fv2%2Ftags&post=89531"}],"curies":[{"name":"wp","href":"https:\/\/api.w.org\/{rel}","templated":true}]}}