{"id":89533,"date":"2026-01-27T16:57:00","date_gmt":"2026-01-27T22:57:00","guid":{"rendered":"https:\/\/zonaroja.com.mx\/?p=89533"},"modified":"2026-01-27T07:59:24","modified_gmt":"2026-01-27T13:59:24","slug":"el-62-de-mexicanos-rechaza-desempeno-de-nuevos-ministros-de-la-scjn","status":"publish","type":"post","link":"https:\/\/zonaroja.com.mx\/?p=89533","title":{"rendered":"El 62% de mexicanos rechaza desempe\u00f1o de nuevos ministros de la SCJN"},"content":{"rendered":"\n<p>Redacci\u00f3n\/Zona Roja Cdmx.<\/p>\n\n\n\n<p>(Informaci\u00f3n de Pol\u00edtico.Mx)<\/p>\n\n\n\n<p>Ciudad de M\u00e9xico, a 27 de enero de 2026.- La nueva conformaci\u00f3n de la Suprema Corte de Justicia de la Naci\u00f3n (SCJN) enfrenta su primera gran crisis de legitimidad. <\/p>\n\n\n\n<p>A pesar de haber nacido del voto popular, la percepci\u00f3n ciudadana se ha volcado en su contra. Desde su toma de protesta el 1 de septiembre, el discurso de austeridad y \u201ccercan\u00eda al pueblo\u201d ha chocado frontalmente con decisiones administrativas cuestionables, opacidad y gastos millonarios, que han minado la confianza en el m\u00e1ximo tribunal.<\/p>\n\n\n\n<p>De acuerdo con la medici\u00f3n de enero de la encuestadora M\u00e9xico Elige, el desempe\u00f1o de los integrantes del pleno es calificado de forma negativa por la mayor\u00eda de los ciudadanos consultados.<\/p>\n\n\n\n<p>Los resultados del estudio revelan que la opini\u00f3n negativa sobre el desempe\u00f1o de los ministros se sit\u00faa en 62.4%, cifra que integra un 53.1% de personas que consideran la gesti\u00f3n como p\u00e9sima y un 9.3% que la califica como mala.<\/p>\n\n\n\n<p>En contraste, la aprobaci\u00f3n apenas alcanza el 37.6%, lo que representa un aumento de 4.9 puntos respecto al piso de 32.7% registrado en diciembre de 2025, pero sigue siendo insuficiente para revertir la tendencia de rechazo que domina la opini\u00f3n p\u00fablica.<\/p>\n\n\n\n<p>En el desglose de las percepciones positivas, solo el 12.7% de los mexicanos califica el trabajo de la Suprema Corte como excelente y el 11.2% como bueno, mientras que un 13.7% lo considera regular.<\/p>\n\n\n\n<p>Estas cifras arrojan una calificaci\u00f3n general de apenas 30.3 puntos sobre 100, reflejando el costo pol\u00edtico de las pol\u00e9micas acumuladas en los \u00faltimos meses.<\/p>\n\n\n\n<p>S\u00d3LO ESC\u00c1NDALOS<\/p>\n\n\n\n<p>La desaprobaci\u00f3n coincide con la revelaci\u00f3n de la compra de camionetas Jeep Grand Cherokee con un costo unitario superior a los 2 millones de pesos, lo que oblig\u00f3 al ministro presidente Hugo Aguilar Ortiz a anunciar que no utilizar\u00e1n las unidades y solicitar\u00e1n su devoluci\u00f3n ante la indignaci\u00f3n social.<\/p>\n\n\n\n<p>El tribunal justific\u00f3 inicialmente una inversi\u00f3n de 252 millones de pesos en su parque vehicular para adquirir 571 veh\u00edculos debido a fallas mec\u00e1nicas en la flotilla anterior, detallando que las unidades heredadas dejaban varados a los ministros por problemas en el motor y el sistema de escape.<\/p>\n\n\n\n<p>No obstante, tras las cr\u00edticas por la contradicci\u00f3n con la bandera de austeridad, los juzgadores recularon este lunes y propusieron destinar dichos veh\u00edculos blindados a jueces que enfrenten mayores riesgos.<\/p>\n\n\n\n<p>A este episodio se suma el gasto de 294 mil 547.20 pesos en la compra de 12 togas nuevas en 2025, donde cada pieza super\u00f3 los 20 mil pesos, a pesar de que la presidencia de la Corte hab\u00eda prometido inicialmente no usar esta vestimenta para marcar una diferencia con el elitismo de sus antecesores.<\/p>\n\n\n\n<p>Finalmente, la erogaci\u00f3n de 1 mill\u00f3n 254 mil 121 pesos para el ritual de purificaci\u00f3n en el Z\u00f3calo termin\u00f3 por consolidar el malestar ciudadano.<\/p>\n\n\n\n<p>Documentos de transparencia exhibidos por \u00abEl Universal\u00bb revelaron que la Suprema Corte dispers\u00f3 estos recursos en servicios privados que incluyeron ba\u00f1os port\u00e1tiles tipo VIP por 254 mil 29 pesos y banquetes por 249 mil 400 pesos.<\/p>\n\n\n\n<p>Por otro lado, la SCJN omiti\u00f3 realizar pagos a los integrantes de los pueblos originarios que encabezaron la ceremonia aquel 1 de septiembre del a\u00f1o pasado.<\/p>\n\n\n\n<p>Metodolog\u00eda:<\/p>\n\n\n\n<p>El estudio fue elaborado por la organizaci\u00f3n M\u00e9xico Elige con una poblaci\u00f3n sujeta a estudio de mexicanos de 18 a\u00f1os en adelante residentes en M\u00e9xico y con acceso a espacios de Meta Inc.. Las fechas de levantamiento fueron del 8 al 12 de enero de 2026 y el tama\u00f1o de la muestra consisti\u00f3 en 2 mil 141 mexicanos. Con un nivel de confianza del 95%, el margen de error del ejercicio estad\u00edstico se situ\u00f3 en \u00b13.1%.<\/p>\n","protected":false},"excerpt":{"rendered":"<p>Redacci\u00f3n\/Zona Roja Cdmx. (Informaci\u00f3n de Pol\u00edtico.Mx) Ciudad de M\u00e9xico, a 27 de enero de 2026.-&hellip;<\/p>\n","protected":false},"author":2,"featured_media":89131,"comment_status":"closed","ping_status":"open","sticky":false,"template":"","format":"standard","meta":{"_lmt_disableupdate":"","_lmt_disable":"","_jetpack_memberships_contains_paid_content":false,"footnotes":""},"categories":[109,47],"tags":[4324,2878],"class_list":["post-89533","post","type-post","status-publish","format-standard","has-post-thumbnail","hentry","category-minuto-a-minuto","category-zona-gris","tag-hugo-aguilar-ortiz","tag-suprema-corte-de-justicia-de-la-nacion-scjn"],"jetpack_featured_media_url":"https:\/\/zonaroja.com.mx\/wp-content\/uploads\/2026\/01\/Hugo-Aguilar-Ortiz-Suprema-Corte-se-equivoca-.webp","jetpack_sharing_enabled":true,"_links":{"self":[{"href":"https:\/\/zonaroja.com.mx\/index.php?rest_route=\/wp\/v2\/posts\/89533","targetHints":{"allow":["GET"]}}],"collection":[{"href":"https:\/\/zonaroja.com.mx\/index.php?rest_route=\/wp\/v2\/posts"}],"about":[{"href":"https:\/\/zonaroja.com.mx\/index.php?rest_route=\/wp\/v2\/types\/post"}],"author":[{"embeddable":true,"href":"https:\/\/zonaroja.com.mx\/index.php?rest_route=\/wp\/v2\/users\/2"}],"replies":[{"embeddable":true,"href":"https:\/\/zonaroja.com.mx\/index.php?rest_route=%2Fwp%2Fv2%2Fcomments&post=89533"}],"version-history":[{"count":1,"href":"https:\/\/zonaroja.com.mx\/index.php?rest_route=\/wp\/v2\/posts\/89533\/revisions"}],"predecessor-version":[{"id":89534,"href":"https:\/\/zonaroja.com.mx\/index.php?rest_route=\/wp\/v2\/posts\/89533\/revisions\/89534"}],"wp:featuredmedia":[{"embeddable":true,"href":"https:\/\/zonaroja.com.mx\/index.php?rest_route=\/wp\/v2\/media\/89131"}],"wp:attachment":[{"href":"https:\/\/zonaroja.com.mx\/index.php?rest_route=%2Fwp%2Fv2%2Fmedia&parent=89533"}],"wp:term":[{"taxonomy":"category","embeddable":true,"href":"https:\/\/zonaroja.com.mx\/index.php?rest_route=%2Fwp%2Fv2%2Fcategories&post=89533"},{"taxonomy":"post_tag","embeddable":true,"href":"https:\/\/zonaroja.com.mx\/index.php?rest_route=%2Fwp%2Fv2%2Ftags&post=89533"}],"curies":[{"name":"wp","href":"https:\/\/api.w.org\/{rel}","templated":true}]}}