{"id":89535,"date":"2026-01-27T18:07:09","date_gmt":"2026-01-28T00:07:09","guid":{"rendered":"https:\/\/zonaroja.com.mx\/?p=89535"},"modified":"2026-01-27T18:08:12","modified_gmt":"2026-01-28T00:08:12","slug":"istmo-violento-un-ejecutado-en-salina-cruz-motaxi-incendiado-en-tehuantepec","status":"publish","type":"post","link":"https:\/\/zonaroja.com.mx\/?p=89535","title":{"rendered":"Istmo violento: un ejecutado en Salina Cruz; motaxi incendiado en Tehuantepec"},"content":{"rendered":"\n<p>Raymundo Morales\/Zona Roja. Foto: Archivo.<\/p>\n\n\n\n<p>Oaxaca, Oax., a 27 de enero de 2026.- La violencia contin\u00faa en la regi\u00f3n del Istmo de Tehuantepec.<\/p>\n\n\n\n<p>La madrugada de hoy, una persona del sexo masculino, a\u00fan sin identificar, fue ejecutada a balazos en el interior de su domicilio, en el municipio de Salina Cruz.<\/p>\n\n\n\n<p>Los hechos ocurrieron en una casa ubicada en la calle Constancia del barrio El Espinal, cuando sujetos armados ingresaron y acribillaron al individuo, por causas que a\u00fan se desconocen.<\/p>\n\n\n\n<p>La Vicefiscal\u00eda Regional del Istmo, dependiente de la Fiscal\u00eda General del Estado de Oaxaca, contin\u00faa con las indagatorias con la finalidad de esclarecer los hechos.<\/p>\n\n\n\n<p>Tambi\u00e9n la madrugada de hoy pero en el municipio de Santo Domingo Tehuantepec, un mototaxi fue incendiado.<\/p>\n\n\n\n<p>Ocurri\u00f3 en una vialidad del barrio Lieza, en que sujetos desconocidos prendieron fuego a la unidad de motor, sin que se registraran v\u00edctimas. Hasta el momento se desconocen las causas del ataque.<\/p>\n","protected":false},"excerpt":{"rendered":"<p>Raymundo Morales\/Zona Roja. Foto: Archivo. Oaxaca, Oax., a 27 de enero de 2026.- La violencia&hellip;<\/p>\n","protected":false},"author":2,"featured_media":85627,"comment_status":"closed","ping_status":"open","sticky":false,"template":"","format":"standard","meta":{"_lmt_disableupdate":"","_lmt_disable":"","_jetpack_memberships_contains_paid_content":false,"footnotes":""},"categories":[109,51],"tags":[4053],"class_list":["post-89535","post","type-post","status-publish","format-standard","has-post-thumbnail","hentry","category-minuto-a-minuto","category-zona-roja","tag-asesinato-salina-cruz"],"jetpack_featured_media_url":"https:\/\/zonaroja.com.mx\/wp-content\/uploads\/2025\/10\/Escena-del-crimen-seguridad.jpg","jetpack_sharing_enabled":true,"_links":{"self":[{"href":"https:\/\/zonaroja.com.mx\/index.php?rest_route=\/wp\/v2\/posts\/89535","targetHints":{"allow":["GET"]}}],"collection":[{"href":"https:\/\/zonaroja.com.mx\/index.php?rest_route=\/wp\/v2\/posts"}],"about":[{"href":"https:\/\/zonaroja.com.mx\/index.php?rest_route=\/wp\/v2\/types\/post"}],"author":[{"embeddable":true,"href":"https:\/\/zonaroja.com.mx\/index.php?rest_route=\/wp\/v2\/users\/2"}],"replies":[{"embeddable":true,"href":"https:\/\/zonaroja.com.mx\/index.php?rest_route=%2Fwp%2Fv2%2Fcomments&post=89535"}],"version-history":[{"count":1,"href":"https:\/\/zonaroja.com.mx\/index.php?rest_route=\/wp\/v2\/posts\/89535\/revisions"}],"predecessor-version":[{"id":89536,"href":"https:\/\/zonaroja.com.mx\/index.php?rest_route=\/wp\/v2\/posts\/89535\/revisions\/89536"}],"wp:featuredmedia":[{"embeddable":true,"href":"https:\/\/zonaroja.com.mx\/index.php?rest_route=\/wp\/v2\/media\/85627"}],"wp:attachment":[{"href":"https:\/\/zonaroja.com.mx\/index.php?rest_route=%2Fwp%2Fv2%2Fmedia&parent=89535"}],"wp:term":[{"taxonomy":"category","embeddable":true,"href":"https:\/\/zonaroja.com.mx\/index.php?rest_route=%2Fwp%2Fv2%2Fcategories&post=89535"},{"taxonomy":"post_tag","embeddable":true,"href":"https:\/\/zonaroja.com.mx\/index.php?rest_route=%2Fwp%2Fv2%2Ftags&post=89535"}],"curies":[{"name":"wp","href":"https:\/\/api.w.org\/{rel}","templated":true}]}}