{"id":89539,"date":"2026-01-27T19:45:20","date_gmt":"2026-01-28T01:45:20","guid":{"rendered":"https:\/\/zonaroja.com.mx\/?p=89539"},"modified":"2026-01-27T19:45:22","modified_gmt":"2026-01-28T01:45:22","slug":"asume-edil-de-la-capital-de-oaxaca-derrota-por-revocacion-de-mandato","status":"publish","type":"post","link":"https:\/\/zonaroja.com.mx\/?p=89539","title":{"rendered":"Asume edil de la capital de Oaxaca derrota por Revocaci\u00f3n de Mandato"},"content":{"rendered":"\n<p>Lisbeth Mej\u00eda Reyes\/Zona Roja.<\/p>\n\n\n\n<p>Oaxaca, Oa.,x a 27 de enero de 2026.- El presidente municipal de Oaxaca de Ju\u00e1rez, Raymundo Chagoya Villanueva, asumi\u00f3 la responsabilidad por la derrota del gobernador Salom\u00f3n Jara en la capital tras la consulta de Revocaci\u00f3n de Mandato.&nbsp;<\/p>\n\n\n\n<p>Sin embargo, consider\u00f3 que el rechazo de las y los m\u00e1s de 57 mil ciudadanos del municipio se debi\u00f3 a que \u00abla cooperaci\u00f3n interinstitucional no se est\u00e1 sintiendo\u00bb.<\/p>\n\n\n\n<p>Durante la sesi\u00f3n ordinaria de Cabildo de este martes, el edil expres\u00f3 que solamente hubo un 28.7 por ciento de reconocimiento al trabajo conjunto del presidente municipal con el gobernador, por lo que se tendr\u00e1 que analizar el rumbo de la administraci\u00f3n para reforzar el trabajo en territorio, la transparencia y la atenci\u00f3n a las demandas de la poblaci\u00f3n.<\/p>\n\n\n\n<p>\u00abLos cuatro temas (limpieza, obra, seguridad y luminarias) en que m\u00e1s inversi\u00f3n hemos tenido con el estado no se est\u00e1n sintiendo. Sin lugar a dudas, es un tema del presidente de no saber comunicar este tema, por eso este resultado tan catastr\u00f3fico&#8230; La gente expres\u00f3 que no somos de territorio, el territorio no se sinti\u00f3\u00bb, extern\u00f3.<\/p>\n\n\n\n<p>Tras los se\u00f1alamientos hechos por sus compa\u00f1eros concejales de la misma bancada o los del PRI y Movimiento Ciudadano, Chagoya Villanueva se\u00f1al\u00f3 que est\u00e1n haciendo una reflexi\u00f3n cr\u00edtica y autocr\u00edtica y que se seguir\u00e1 \u00abavanzando para lograr estos resultados que buscan las vecinas y vecinos de la ciudad\u00bb.<\/p>\n\n\n\n<p>Con una participaci\u00f3n de 935 mil ciudadanos (29.9 por ciento de la lista nominal del estado) en la consulta del 25 de enero, el gobernador Salom\u00f3n Jara obtuvo el respaldo de 550,274 votos para que siga en la gubernatura (el 58.8 por ciento) y 357,025 votos (38.1 por ciento) con los que se pide su revocaci\u00f3n. Sin embargo, para que el resultado sea vinculante debi\u00f3 participar el 40 por ciento de las y los ciudadanos de la lista nominal.<\/p>\n\n\n\n<p>En lo general, y aun sin ese porcentaje que marca la Ley de Revocaci\u00f3n de Mandato, los resultados del Sistema de C\u00f3mputos de la Revocaci\u00f3n de Mandato del Instituto Estatal Electoral y de Participaci\u00f3n Ciudadana &nbsp;(IEEPCO) le dan el respaldo al gobernador.<\/p>\n\n\n\n<p>Sin embargo, el rechazo es evidente en 5 de los 25 distritos electorales. Entre estos los de la zona metropolitana de Oaxaca.<\/p>\n\n\n\n<p>Tan solo de la capital, fueron m\u00e1s de 57 mil las y los ciudadanos quienes expresaron su rechazo al gobernador (35,814 en el conteo del distrito 13, Oaxaca; y 21,394 en los de la capital contados como parte del distrito 12 de Santa Luc\u00eda del Camino).<\/p>\n\n\n\n<p>Por el distrito 13 Oaxaca de Ju\u00e1rez, 70 de cada 100 ciudadanos pide que el gobernador concluya anticipadamente su mandato; mientras que solo 28 est\u00e1 a favor de que siga.<\/p>\n\n\n\n<p>En tanto, en el distrito 12 Santa Luc\u00eda del Camino, fue el 59.9 por ciento de la ciudadan\u00eda la que pidi\u00f3 la revocaci\u00f3n del gobernador, frente al 38 por ciento que aprueba su continuidad. Es decir, un rechazo de 6 de cada 10 ciudadanos.<\/p>\n","protected":false},"excerpt":{"rendered":"<p>Lisbeth Mej\u00eda Reyes\/Zona Roja. Oaxaca, Oa.,x a 27 de enero de 2026.- El presidente municipal&hellip;<\/p>\n","protected":false},"author":2,"featured_media":89540,"comment_status":"closed","ping_status":"open","sticky":false,"template":"","format":"standard","meta":{"_lmt_disableupdate":"","_lmt_disable":"","_jetpack_memberships_contains_paid_content":false,"footnotes":""},"categories":[109,46],"tags":[148,4403],"class_list":["post-89539","post","type-post","status-publish","format-standard","has-post-thumbnail","hentry","category-minuto-a-minuto","category-zona-blanca","tag-oaxaca-de-juarez","tag-ray-chagoya"],"jetpack_featured_media_url":"https:\/\/zonaroja.com.mx\/wp-content\/uploads\/2026\/01\/Sesion-de-Cabildo-Ray-Chagoya.jpeg","jetpack_sharing_enabled":true,"_links":{"self":[{"href":"https:\/\/zonaroja.com.mx\/index.php?rest_route=\/wp\/v2\/posts\/89539","targetHints":{"allow":["GET"]}}],"collection":[{"href":"https:\/\/zonaroja.com.mx\/index.php?rest_route=\/wp\/v2\/posts"}],"about":[{"href":"https:\/\/zonaroja.com.mx\/index.php?rest_route=\/wp\/v2\/types\/post"}],"author":[{"embeddable":true,"href":"https:\/\/zonaroja.com.mx\/index.php?rest_route=\/wp\/v2\/users\/2"}],"replies":[{"embeddable":true,"href":"https:\/\/zonaroja.com.mx\/index.php?rest_route=%2Fwp%2Fv2%2Fcomments&post=89539"}],"version-history":[{"count":1,"href":"https:\/\/zonaroja.com.mx\/index.php?rest_route=\/wp\/v2\/posts\/89539\/revisions"}],"predecessor-version":[{"id":89541,"href":"https:\/\/zonaroja.com.mx\/index.php?rest_route=\/wp\/v2\/posts\/89539\/revisions\/89541"}],"wp:featuredmedia":[{"embeddable":true,"href":"https:\/\/zonaroja.com.mx\/index.php?rest_route=\/wp\/v2\/media\/89540"}],"wp:attachment":[{"href":"https:\/\/zonaroja.com.mx\/index.php?rest_route=%2Fwp%2Fv2%2Fmedia&parent=89539"}],"wp:term":[{"taxonomy":"category","embeddable":true,"href":"https:\/\/zonaroja.com.mx\/index.php?rest_route=%2Fwp%2Fv2%2Fcategories&post=89539"},{"taxonomy":"post_tag","embeddable":true,"href":"https:\/\/zonaroja.com.mx\/index.php?rest_route=%2Fwp%2Fv2%2Ftags&post=89539"}],"curies":[{"name":"wp","href":"https:\/\/api.w.org\/{rel}","templated":true}]}}