{"id":89542,"date":"2026-01-28T08:00:09","date_gmt":"2026-01-28T14:00:09","guid":{"rendered":"https:\/\/zonaroja.com.mx\/?p=89542"},"modified":"2026-01-28T08:00:11","modified_gmt":"2026-01-28T14:00:11","slug":"disminuida-oposicion-tunde-a-morenistas-en-congreso-por-revocacion-de-mandato","status":"publish","type":"post","link":"https:\/\/zonaroja.com.mx\/?p=89542","title":{"rendered":"Disminuida oposici\u00f3n tunde a morenistas en Congreso por Revocaci\u00f3n de Mandato"},"content":{"rendered":"\n<p>Ismael Garc\u00eda M.\/Zona Roja.<\/p>\n\n\n\n<p>Oaxaca, Oax., a 28 de enero de 2026.- La muy disminuida oposici\u00f3n despert\u00f3 en el Congreso del Estado y vapule\u00f3 al partido mayoritario.<\/p>\n\n\n\n<p>Hasta el priista Javier Casique, otrora aliado, revir\u00f3 y critic\u00f3 los malos resultados&nbsp; durante la consulta de Revocaci\u00f3n de Mandato. Y los legisladores morenistas tibios, timoratos, acartonados, no supieron defender a su jefe pol\u00edtico.<\/p>\n\n\n\n<p>\u201cPor favor, diputados, anoten su asistencia, porque vamos a empezar\u201d, suplic\u00f3 por lo menos tres veces la presidenta de la Mesa Directiva, Eva Diego Cruz, del PVEM.<\/p>\n\n\n\n<p>Pocos le hicieron caso. Una hora despu\u00e9s de la cita se tuvo que iniciar la sesi\u00f3n, con apenas 27 presentes. Sesi\u00f3n aburrida la del martes, sin propuestas atractivas, por m\u00e1s de&nbsp; dos horas, con 37 puntos en el orden del d\u00eda. Escasos e irrelevantes dict\u00e1menes aprobados.&nbsp;<\/p>\n\n\n\n<p>Nicol\u00e1s Feria Romero iba a presentar una iniciativa de modificaci\u00f3n a la Ley de Revocaci\u00f3n de Mandato, pero se qued\u00f3 en palabrer\u00edas, sin explicar su propuesta.<\/p>\n\n\n\n<p>Hasta que lleg\u00f3 Asuntos Generales, casi a las 13:00 horas, donde vinieron los dimes y diretes:<\/p>\n\n\n\n<p>\u201cEl domingo pasado vivimos un ejercicio que honra la historia democr\u00e1tica de nuestros pueblos: la primera consulta estatal tuvo lugar ac\u00e1 en Oaxaca y que se erige como referente nacional en esta pr\u00e1ctica, abri\u00f3 el morenista C\u00e9sar Mateos.<\/p>\n\n\n\n<p>Recuento hist\u00f3rico innecesario; tibia defensa del mandatario Salom\u00f3n Jara Cruz, ante los magros resultados conseguidos durante la jornada comicial: \u201caceptar que una parte de la ciudadan\u00eda vot\u00f3 por la revocaci\u00f3n no debilita al gobierno, lo fortalece democr\u00e1ticamente\u2026 el pueblo decidi\u00f3 que contin\u00fae el mandato pero tambi\u00e9n dej\u00f3 en claro que exige cambios y correcciones\u201d. Ello sin mencionar estatal y s\u00f3lo pidiendo elevar el nivel del debate. Aunque acus\u00f3 a pol\u00edticos de \u201ccara sucia\u201d.<\/p>\n\n\n\n<p>Sigui\u00f3 la ex priista Elvia Gabriela P\u00e9rez, hija del ex candidato a gobernador Eviel P\u00e9rez Maga\u00f1a, quien perdi\u00f3 en su distrito. \u201cCoincidimos con el gobernador que no es un motivo de triunfalismo\u201d, puntualiz\u00f3, sin mayores loas.<\/p>\n\n\n\n<p>Vino el PT, con Biaani Palomec, ante la ausencia de Dante Monta\u00f1o, quien de manera extra\u00f1a no acudi\u00f3 a la sesi\u00f3n.<\/p>\n\n\n\n<p>Fue enf\u00e1tica: \u201cMuchas personas acudieron en medio de presiones, de amenazas, acudieron y dejaron constancia en las urnas, sin embargo, debe existir un m\u00ednimo de autocr\u00edtica como corresponde a quienes somos de izquierda.<\/p>\n\n\n\n<p>\u201cEs necesario revisar qu\u00e9 se est\u00e1 haciendo mal, porque hay funcionarios que viven m\u00e1s preocupados por la pose, la foto, la selfie, que por atender a la gente\u201d.<\/p>\n\n\n\n<p>Y desnud\u00f3 al morenista Nicol\u00e1s Feria Romero, quien antes se regode\u00f3 de \u201csus\u201d resultados en la consulta.<\/p>\n\n\n\n<p>\u201cEn alusi\u00f3n al Partido del Trabajo por el compa\u00f1ero Nico, decirle que muchas veces lo he visto acudiendo a los pasillos del PT pidiendo apoyo; decirle tambi\u00e9n que el distrito con cabecera en Putla que vino a presumir los resultados, pero se demuestran videos comprando votos\u201d.<\/p>\n\n\n\n<p>Desde su curul, la legisladora Dulce Bel\u00e9n Uribe intent\u00f3 regresar los se\u00f1alamientos, sin mayor \u00e9xito m\u00e1s que acusar que el PT le hace el juego a la derecha. Callados, la presidenta de la Mesa Directiva, Tania Caballero, y su antecesor, Benjam\u00edn Viveros.<\/p>\n\n\n\n<p>Juan Marcelino S\u00e1nchez se limit\u00f3 a resaltar que en Oaxaca \u201ctenemos mucho gobernador\u201d; resalt\u00f3 que en su distrito, Juchit\u00e1n se gan\u00f3 tres a uno a favor de la continuaci\u00f3n de mandato. Nada en contra de los opositores y sus acusaciones. Palabras huecas, loas a la democracia.<\/p>\n\n\n\n<p>Toc\u00f3 a la emecista Alejandra Garc\u00eda Morl\u00e1n, a quien previamente le hab\u00edan aprobado un Punto de Acuerdo en materia de salud.<\/p>\n\n\n\n<p>\u201cHoy, Oaxaca est\u00e1 de luto. Est\u00e1 de luto porque intentaron matar la democracia, y aunque no pudieron hacerlo, la ultrajaron y la violentaron\u2026 Morena, hoy convertido en el gran Primor de Oaxaca. \u00a1Qu\u00e9 les pas\u00f3 a aquellos que combatieron aquel sistema autoritario, corrupto y represor que representaba el PRI\u201d. \u00a1D\u00f3nde se perdieron!\u201d<\/p>\n\n\n\n<p>Iba ya tres horas y media de sesi\u00f3n, al turno el ex dirigente priista y hoy diputado plurinominal, Javier Casique, quien el a\u00f1o pasado present\u00f3 una propuesta de reforma a modo a la Ley de Revocaci\u00f3n, para complacer a los morenistas.<\/p>\n\n\n\n<p>\u201cPodemos construir narrativas, construir discursos pero hay un punto en que la realidad se impone\u2026 cuatro de cada 10 oaxaque\u00f1os est\u00e1 en contra de la continuidad. En cualquier democracia esto no es un respaldo, m\u00e1s bien es una alerta roja\u201d, ley\u00f3 con calma.<\/p>\n\n\n\n<p>\u201cEl descontento se huele, se mide, se escucha y hoy es medible; s\u00f3lo aquellos que prefieren enga\u00f1arse a s\u00ed mismo no lo ven\u201d. Nada de sombrerazos desde las curules para recriminar al otrora aliado.<\/p>\n\n\n\n<p>Acus\u00f3 que se ha enga\u00f1ado a la poblaci\u00f3n y que la ineficiencia y el desgobierno ganan terreno; consider\u00f3 que la falta de resultados se est\u00e1 volviendo normal.<\/p>\n\n\n\n<p>\u201cAhora sabemos la magnitud de la desconfianza de la poblaci\u00f3n hacia sus autoridades\u2026 El gobierno est\u00e1 en un l\u00edmite de ineficiencia muy delicado\u201d.<\/p>\n\n\n\n<p>Concepci\u00f3n Rueda intent\u00f3 revirar pero Casique no acept\u00f3 la pregunta.<\/p>\n\n\n\n<p>Toc\u00f3 el turno en la lista a Antonia Natividad, la ex panista ahora disfrazada de independiente pero con bandera morenista. Tibia y acartonada defensa.<\/p>\n\n\n\n<p>\u201cLas acciones emprendidas durante este periodo pueden sentar las bases para un liderazgo m\u00e1s efectivo\u201d, dijo en tribuna, al considerar que a la poblaci\u00f3n se le debe hablar con la verdad pero con base en respuestas gubernamentales.<\/p>\n\n\n\n<p>Mary Velasco, legisladora pochutleca, m\u00e1s acartonada a\u00fan; se limit\u00f3 a leer una postura que le pasaron; lo mismo: jornada hist\u00f3rica\u2026 Oaxaca reafirmo su compromiso con la democracia\u2026 la consulta se desarroll\u00f3 bajo los principios de legitimidad y certeza\u2026&nbsp;<\/p>\n\n\n\n<p>\u201cAnte los se\u00f1alamientos de algunos personajes, es indispensable fijar una postura firme; Oaxaca no est\u00e1 de luto, est\u00e1 de fiesta, porque ratificamos a nuestro gobernador\u201d.<\/p>\n\n\n\n<p>Con m\u00e1s enjundia pero con el mismo acartonado gui\u00f3n, subi\u00f3 a tribuna Mar\u00eda Francisca Antonia, quien se hace llamar la \u201cMaestra Paquita\u201d; s\u00f3lo gritos y tibios reclamos, sin citar a los responsables de las cr\u00edticas.&nbsp;<\/p>\n\n\n\n<p>Benjam\u00edn Viveros, ex presidente de la Mesa Directiva, tambi\u00e9n se limit\u00f3 a leer un documento y dijo que la ratificaci\u00f3n le da una mayor confianza al gobierno para seguir trabajando. \u201cHoy podemos decir que Oaxaca se coloca como un referente nacional de una democracia participativa\u201d. Mismas palabras huecas. Nula enjundia para defender al gobernador Jara Cruz, de quien fue secretario particular por varios a\u00f1os.&nbsp;<\/p>\n\n\n\n<p>Pol\u00edtico-cacique de la zona norte del Istmo, Reynel Ram\u00edrez ley\u00f3 gui\u00f3n similar. S\u00f3lo Hayde\u00e9 Reyes Soto no ley\u00f3 un texto y s\u00ed puntualiz\u00f3:<\/p>\n\n\n\n<p>\u201cLa Revocaci\u00f3n de Mandato no la debemos de entender como un acto de confrontaci\u00f3n entre partidos, debemos tener altura de miras, visi\u00f3n pol\u00edtica m\u00e1s amplia.<\/p>\n\n\n\n<p>\u201cFelicito al gobernador Salom\u00f3n Jara no solamente por haber sido ratificado por la mayor\u00eda, sino por la actitud democr\u00e1tica de abrirse al ejercicio de la autocr\u00edtica y de poder y demostrar que en la primavera oaxaque\u00f1a estamos incluidos todas y todos\u201d. \u201cNo confundamos esto como una arena, si los otros partidos no tienen agenda pol\u00edtica, b\u00fasquenla\u2026 toda su agenda pol\u00edtica es de reacci\u00f3n\u201d.<\/p>\n\n\n\n<p>Cuatro horas despu\u00e9s concluy\u00f3 la sesi\u00f3n ordinaria. Pero inici\u00f3 la irritaci\u00f3n de los morenistas. \u201c\u00a1Se vale sobar!\u201d, les gritaron desde las gradas.<\/p>\n","protected":false},"excerpt":{"rendered":"<p>Ismael Garc\u00eda M.\/Zona Roja. Oaxaca, Oax., a 28 de enero de 2026.- La muy disminuida&hellip;<\/p>\n","protected":false},"author":2,"featured_media":89543,"comment_status":"closed","ping_status":"open","sticky":false,"template":"","format":"standard","meta":{"_lmt_disableupdate":"","_lmt_disable":"","_jetpack_memberships_contains_paid_content":false,"footnotes":""},"categories":[109,47],"tags":[303],"class_list":["post-89542","post","type-post","status-publish","format-standard","has-post-thumbnail","hentry","category-minuto-a-minuto","category-zona-gris","tag-congreso-del-estado-de-oaxaca"],"jetpack_featured_media_url":"https:\/\/zonaroja.com.mx\/wp-content\/uploads\/2026\/01\/Sesion-Congreso.jpg","jetpack_sharing_enabled":true,"_links":{"self":[{"href":"https:\/\/zonaroja.com.mx\/index.php?rest_route=\/wp\/v2\/posts\/89542","targetHints":{"allow":["GET"]}}],"collection":[{"href":"https:\/\/zonaroja.com.mx\/index.php?rest_route=\/wp\/v2\/posts"}],"about":[{"href":"https:\/\/zonaroja.com.mx\/index.php?rest_route=\/wp\/v2\/types\/post"}],"author":[{"embeddable":true,"href":"https:\/\/zonaroja.com.mx\/index.php?rest_route=\/wp\/v2\/users\/2"}],"replies":[{"embeddable":true,"href":"https:\/\/zonaroja.com.mx\/index.php?rest_route=%2Fwp%2Fv2%2Fcomments&post=89542"}],"version-history":[{"count":1,"href":"https:\/\/zonaroja.com.mx\/index.php?rest_route=\/wp\/v2\/posts\/89542\/revisions"}],"predecessor-version":[{"id":89544,"href":"https:\/\/zonaroja.com.mx\/index.php?rest_route=\/wp\/v2\/posts\/89542\/revisions\/89544"}],"wp:featuredmedia":[{"embeddable":true,"href":"https:\/\/zonaroja.com.mx\/index.php?rest_route=\/wp\/v2\/media\/89543"}],"wp:attachment":[{"href":"https:\/\/zonaroja.com.mx\/index.php?rest_route=%2Fwp%2Fv2%2Fmedia&parent=89542"}],"wp:term":[{"taxonomy":"category","embeddable":true,"href":"https:\/\/zonaroja.com.mx\/index.php?rest_route=%2Fwp%2Fv2%2Fcategories&post=89542"},{"taxonomy":"post_tag","embeddable":true,"href":"https:\/\/zonaroja.com.mx\/index.php?rest_route=%2Fwp%2Fv2%2Ftags&post=89542"}],"curies":[{"name":"wp","href":"https:\/\/api.w.org\/{rel}","templated":true}]}}