{"id":89545,"date":"2026-01-28T08:45:00","date_gmt":"2026-01-28T14:45:00","guid":{"rendered":"https:\/\/zonaroja.com.mx\/?p=89545"},"modified":"2026-01-28T08:03:13","modified_gmt":"2026-01-28T14:03:13","slug":"despiertan-regidores-y-critican-gestion-municipal-en-oaxaca-de-juarez","status":"publish","type":"post","link":"https:\/\/zonaroja.com.mx\/?p=89545","title":{"rendered":"Despiertan regidores y critican gesti\u00f3n municipal en Oaxaca de Ju\u00e1rez"},"content":{"rendered":"\n<p>Lisbeth Mej\u00eda Reyes\/Zona Roja.<\/p>\n\n\n\n<p>Oaxaca, Oax., a 28 de enero de 2026.- El rechazo mayoritario de la ciudadan\u00eda de la capital oaxaque\u00f1a a la administraci\u00f3n del gobernador Salom\u00f3n Jara Cruz, expresado en la consulta de Revocaci\u00f3n de Mandato, gener\u00f3 una discusi\u00f3n y cr\u00edticas entre concejales del ayuntamiento capitalino, quienes externaron las fallas de ambas administraciones, entre estas la campa\u00f1a anticipada de funcionarios, las denuncias de extorsi\u00f3n, inseguridad y falta de coordinaci\u00f3n. Tambi\u00e9n se\u00f1alaron la necesidad de reestructurar la administraci\u00f3n municipal y redoblar esfuerzos.<\/p>\n\n\n\n<p>El presidente municipal, Raymundo Chagoya Villanueva, asumi\u00f3 la responsabilidad del voto de castigo hacia el gobernador y argument\u00f3 que no se ha comunicado como se debe la colaboraci\u00f3n y con inversi\u00f3n del estado y municipio en seguridad, limpieza y obras.&nbsp;<\/p>\n\n\n\n<p>Sin embargo, regidores de Morena como Jes\u00fas Quevedo, de Gobierno y Territorio, criticaron el trabajo de las \u00e1reas operativas del ayuntamiento para atender las demandas de la ciudadan\u00eda, las denuncias de extorsi\u00f3n por parte de funcionarios, la omisi\u00f3n de diversas \u00e1reas a las peticiones de las regidur\u00edas y el que algunos funcionarios sigan en la etapa de aprendizaje cuando la administraci\u00f3n municipal ya lleva un a\u00f1o, y por lo cual llam\u00f3 a redoblar esfuerzos.<\/p>\n\n\n\n<p>De la misma bancada de Morena, la regidora Alma Itzel Garc\u00eda Herrera, de Seguridad Vecinal, reconoci\u00f3 la necesidad de redoblar esfuerzos para garantizar la seguridad desde el municipio, pero tambi\u00e9n desde el estado.<\/p>\n\n\n\n<p>\u00abHacer el llamado a las instancias estatales justo en cuanto al C5. Hay c\u00e1maras de vigilancia que no sirven, no tienen se\u00f1al\u00bb, expres\u00f3 la concejal m\u00e1s joven del ayuntamiento y v\u00edctima reciente de la inseguridad en la capital.<\/p>\n\n\n\n<p>Frida Yolanda Lyle Garc\u00eda, regidora de Prosperidad Compartida y Turismo, apunt\u00f3 a un desgaste entre las y los compa\u00f1eros del ayuntamiento capitalino, pero tambi\u00e9n se\u00f1al\u00f3 que \u00abtodos los secretarios\u00bb del municipio est\u00e1n haciendo \u00abcampa\u00f1as adelantadas\u00bb, por lo que los llam\u00f3 a \u00abtrabajar seriamente y, sobre todo, a dar resultados\u00bb.<\/p>\n\n\n\n<p>Juana Matilde Garc\u00eda V\u00e1squez, concejal de Hacienda Municipal, tambi\u00e9n se\u00f1al\u00f3 desatinos que han llevado a la destrucci\u00f3n de la agencia Guadalupe Victoria por la imposici\u00f3n de la encargada de la agencia y que es el del conocimiento del edil. Tambi\u00e9n se\u00f1al\u00f3 el enojo ciudadano de las y los afectados por la delimitaci\u00f3n del pol\u00edgono de la zona de reserva y \u00e1rea natural protegida del Crest\u00f3n, que hizo el gobierno estatal y que tambi\u00e9n involucra al municipio.<\/p>\n\n\n\n<p>Incluso, la s\u00edndica Obtulia Salgado Delgado apunt\u00f3 a problemas como el \u00abcobro excesivo\u00bb en tr\u00e1mites municipales o<\/p>\n\n\n\n<p>Por su parte, H\u00e9ctor Pablo Ram\u00edrez Puga, de Movimiento Ciudadano, se\u00f1al\u00f3 que como gobierno municipal es necesario \u00abcambiar muchas pol\u00edticas que no funcionaron\u00bb. Pero tambi\u00e9n se\u00f1al\u00f3 que el rechazo al gobernador vino de militantes del mismo partido Morena.<\/p>\n\n\n\n<p>\u00ab\u00bfC\u00f3mo no va a haber coraje, ira entre la sociedad, cuando recientemente se fue calentando el ambiente ante una serie de hechos que concluyeron con el asesinato de una comerciante en la v\u00eda p\u00fablica a escasos dos cuadras del Palacio de Gobierno estatal?, dijo Mart\u00edn V\u00e1zquez Villanueva, regidor de Educaci\u00f3n emanado del Partido Revolucionario Institucional (PRI) al se\u00f1alar las fallas en seguridad, del sistema de c\u00e1maras del C5i del estado y casos como el descarrilamiento del Tren Interoce\u00e1nico.<\/p>\n\n\n\n<p>Al final, las y los concejales coincidieron en la necesidad de revisar la administraci\u00f3n municipal, de reestructurarla y de que se rindan cuentas.<\/p>\n","protected":false},"excerpt":{"rendered":"<p>Lisbeth Mej\u00eda Reyes\/Zona Roja. Oaxaca, Oax., a 28 de enero de 2026.- El rechazo mayoritario&hellip;<\/p>\n","protected":false},"author":2,"featured_media":89546,"comment_status":"closed","ping_status":"open","sticky":false,"template":"","format":"standard","meta":{"_lmt_disableupdate":"","_lmt_disable":"","_jetpack_memberships_contains_paid_content":false,"footnotes":""},"categories":[109,47],"tags":[148],"class_list":["post-89545","post","type-post","status-publish","format-standard","has-post-thumbnail","hentry","category-minuto-a-minuto","category-zona-gris","tag-oaxaca-de-juarez"],"jetpack_featured_media_url":"https:\/\/zonaroja.com.mx\/wp-content\/uploads\/2026\/01\/Sesion-de-Cabildo-Oaxaca-1.jpg","jetpack_sharing_enabled":true,"_links":{"self":[{"href":"https:\/\/zonaroja.com.mx\/index.php?rest_route=\/wp\/v2\/posts\/89545","targetHints":{"allow":["GET"]}}],"collection":[{"href":"https:\/\/zonaroja.com.mx\/index.php?rest_route=\/wp\/v2\/posts"}],"about":[{"href":"https:\/\/zonaroja.com.mx\/index.php?rest_route=\/wp\/v2\/types\/post"}],"author":[{"embeddable":true,"href":"https:\/\/zonaroja.com.mx\/index.php?rest_route=\/wp\/v2\/users\/2"}],"replies":[{"embeddable":true,"href":"https:\/\/zonaroja.com.mx\/index.php?rest_route=%2Fwp%2Fv2%2Fcomments&post=89545"}],"version-history":[{"count":1,"href":"https:\/\/zonaroja.com.mx\/index.php?rest_route=\/wp\/v2\/posts\/89545\/revisions"}],"predecessor-version":[{"id":89547,"href":"https:\/\/zonaroja.com.mx\/index.php?rest_route=\/wp\/v2\/posts\/89545\/revisions\/89547"}],"wp:featuredmedia":[{"embeddable":true,"href":"https:\/\/zonaroja.com.mx\/index.php?rest_route=\/wp\/v2\/media\/89546"}],"wp:attachment":[{"href":"https:\/\/zonaroja.com.mx\/index.php?rest_route=%2Fwp%2Fv2%2Fmedia&parent=89545"}],"wp:term":[{"taxonomy":"category","embeddable":true,"href":"https:\/\/zonaroja.com.mx\/index.php?rest_route=%2Fwp%2Fv2%2Fcategories&post=89545"},{"taxonomy":"post_tag","embeddable":true,"href":"https:\/\/zonaroja.com.mx\/index.php?rest_route=%2Fwp%2Fv2%2Ftags&post=89545"}],"curies":[{"name":"wp","href":"https:\/\/api.w.org\/{rel}","templated":true}]}}