{"id":89548,"date":"2026-01-28T09:30:00","date_gmt":"2026-01-28T15:30:00","guid":{"rendered":"https:\/\/zonaroja.com.mx\/?p=89548"},"modified":"2026-01-28T08:05:56","modified_gmt":"2026-01-28T14:05:56","slug":"familiares-de-victimas-reaccionan-a-detencion-por-accidente-del-tren-interoceanico","status":"publish","type":"post","link":"https:\/\/zonaroja.com.mx\/?p=89548","title":{"rendered":"Familiares de v\u00edctimas reaccionan a detenci\u00f3n por accidente del Tren Interoce\u00e1nico"},"content":{"rendered":"\n<p>Redacci\u00f3n\/Zona Roja Cdmx.<\/p>\n\n\n\n<p>(Informaci\u00f3n de Uno Tv)<\/p>\n\n\n\n<p>Ciudad de M\u00e9xico, a 28 de enero de 2026.- Tras la detenci\u00f3n del maquinista del Tren Interoce\u00e1nico (Felipe de Jes\u00fas \u201cN\u201d), familiares de las v\u00edctimas del descarrilamiento ocurrido en el Istmo de Tehuantepec, donde murieron 14 personas, exigieron que se aplique la justicia, pero sin que el caso se cierre de manera anticipada.<\/p>\n\n\n\n<p>El accidente ocurri\u00f3 hace un mes en la regi\u00f3n del Istmo. Entre las v\u00edctimas mortales se encuentra el comunicador Israel Enrique Gallegos Soto, de 62 a\u00f1os, quien viajaba junto con su esposa en la L\u00ednea Z del Tren Interoce\u00e1nico, tras abordar en la estaci\u00f3n de Ixtepec con destino a Mat\u00edas Romero, su ciudad natal.<\/p>\n\n\n\n<p>Heras Edgardo Jim\u00e9nez Del Toro, primo del periodista fallecido, se\u00f1al\u00f3 que la justicia debe aplicarse a quien resulte responsable, al considerar que el descarrilamiento pudo tratarse de un error humano dentro de la tripulaci\u00f3n del tren.<\/p>\n\n\n\n<p>El tambi\u00e9n extrabajador de Ferrocarriles Nacionales de M\u00e9xico, radicado en Mat\u00edas Romero, explic\u00f3 que, de acuerdo con su experiencia, el control de la velocidad es una responsabilidad clave durante el trayecto, ya que los trenes cuentan con horarios y l\u00edmites definidos entre estaci\u00f3n y estaci\u00f3n.<\/p>\n\n\n\n<p>Jim\u00e9nez Del Toro sostuvo que, en caso de una falla, la responsabilidad recaer\u00eda en el conductor o maquinista, quien debe garantizar que se reduzca la velocidad conforme al tramo recorrido, especialmente en zonas de subida donde el control es fundamental.<\/p>\n\n\n\n<p>Sin embargo, el familiar de la v\u00edctima advirti\u00f3 que la detenci\u00f3n del maquinista no debe cerrar el caso, ya que, a su consideraci\u00f3n, persisten dudas sobre las causas reales del accidente ocurrido en el Istmo de Tehuantepec.<\/p>\n\n\n\n<p>Record\u00f3 que Israel Gallegos y su esposa viajaban en un plan personal, descrito por la familia como una luna de miel, cuando ocurri\u00f3 el descarrilamiento que termin\u00f3 con la vida del comunicador y de otras 13 personas.<\/p>\n\n\n\n<p>De acuerdo con el testimonio compartido por Jim\u00e9nez Del Toro, la viuda del periodista habr\u00eda se\u00f1alado que el tren no parec\u00eda circular a exceso de velocidad, lo que refuerza la necesidad de que las autoridades contin\u00faen con la investigaci\u00f3n para esclarecer plenamente lo ocurrido.<\/p>\n\n\n\n<p>Las autoridades no han informado si habr\u00e1 m\u00e1s personas investigadas por el descarrilamiento del Tren Interoce\u00e1nico, mientras los familiares de las v\u00edctimas mantienen la exigencia de justicia y esclarecimiento total del caso.<\/p>\n","protected":false},"excerpt":{"rendered":"<p>Redacci\u00f3n\/Zona Roja Cdmx. (Informaci\u00f3n de Uno Tv) Ciudad de M\u00e9xico, a 28 de enero de&hellip;<\/p>\n","protected":false},"author":2,"featured_media":88789,"comment_status":"closed","ping_status":"open","sticky":false,"template":"","format":"standard","meta":{"_lmt_disableupdate":"","_lmt_disable":"","_jetpack_memberships_contains_paid_content":false,"footnotes":""},"categories":[109,47],"tags":[4607],"class_list":["post-89548","post","type-post","status-publish","format-standard","has-post-thumbnail","hentry","category-minuto-a-minuto","category-zona-gris","tag-descarrila-tren-interoceanico"],"jetpack_featured_media_url":"https:\/\/zonaroja.com.mx\/wp-content\/uploads\/2026\/01\/Tren-interoceanico-descarrila-Oaxaca.jpeg","jetpack_sharing_enabled":true,"_links":{"self":[{"href":"https:\/\/zonaroja.com.mx\/index.php?rest_route=\/wp\/v2\/posts\/89548","targetHints":{"allow":["GET"]}}],"collection":[{"href":"https:\/\/zonaroja.com.mx\/index.php?rest_route=\/wp\/v2\/posts"}],"about":[{"href":"https:\/\/zonaroja.com.mx\/index.php?rest_route=\/wp\/v2\/types\/post"}],"author":[{"embeddable":true,"href":"https:\/\/zonaroja.com.mx\/index.php?rest_route=\/wp\/v2\/users\/2"}],"replies":[{"embeddable":true,"href":"https:\/\/zonaroja.com.mx\/index.php?rest_route=%2Fwp%2Fv2%2Fcomments&post=89548"}],"version-history":[{"count":1,"href":"https:\/\/zonaroja.com.mx\/index.php?rest_route=\/wp\/v2\/posts\/89548\/revisions"}],"predecessor-version":[{"id":89549,"href":"https:\/\/zonaroja.com.mx\/index.php?rest_route=\/wp\/v2\/posts\/89548\/revisions\/89549"}],"wp:featuredmedia":[{"embeddable":true,"href":"https:\/\/zonaroja.com.mx\/index.php?rest_route=\/wp\/v2\/media\/88789"}],"wp:attachment":[{"href":"https:\/\/zonaroja.com.mx\/index.php?rest_route=%2Fwp%2Fv2%2Fmedia&parent=89548"}],"wp:term":[{"taxonomy":"category","embeddable":true,"href":"https:\/\/zonaroja.com.mx\/index.php?rest_route=%2Fwp%2Fv2%2Fcategories&post=89548"},{"taxonomy":"post_tag","embeddable":true,"href":"https:\/\/zonaroja.com.mx\/index.php?rest_route=%2Fwp%2Fv2%2Ftags&post=89548"}],"curies":[{"name":"wp","href":"https:\/\/api.w.org\/{rel}","templated":true}]}}