{"id":8955,"date":"2020-02-19T14:45:08","date_gmt":"2020-02-19T20:45:08","guid":{"rendered":"https:\/\/www.zonaroja.com.mx\/?p=8955"},"modified":"2020-02-19T14:51:54","modified_gmt":"2020-02-19T20:51:54","slug":"presuntos-porros-llevados-por-gente-de-san-sebastian-tutla-agreden-a-periodistas","status":"publish","type":"post","link":"https:\/\/zonaroja.com.mx\/?p=8955","title":{"rendered":"Presuntos \u201cporros\u201d llevados por gente de San Sebast\u00edan Tutla agreden a periodistas"},"content":{"rendered":"\n<p class=\"MsoNormal\">Yuridiana Sosa\/Zona Roja.&nbsp;<\/p>\n\n\n\n<p class=\"MsoNormal\">Oaxaca de Ju\u00e1rez, Oax., 19 de febrero de 2020.- Con armas blancas y de fuego, as\u00ed como con el uso de cinturones, \u201cporros\u201d supuestamente llevados por pobladores de San Sebasti\u00e1n Tutla, que se manifestaron en las oficinas del Tribunal Unitario Agrario en la capital de Oaxaca, golpearon &nbsp;a un grupo de reporteros en el ejercicio de su trabajo, la ma\u00f1ana de&nbsp;<a href=\"\/\/2\">este mi\u00e9rcoles<\/a>.<\/p>\n\n\n\n<p class=\"MsoNormal\">Por las agresiones f\u00edsicas, despojo y destrucci\u00f3n de equipos de trabajo del que fueron v\u00edctimas, un grupo de periodistas &nbsp;acudi\u00f3 a la Fiscal\u00eda Especializada para la Atenci\u00f3n de Delitos Cometidos contra la Libertad de Expresi\u00f3n, pero no fue posible proceder debido a que no hab\u00eda personal para recibir las denuncias.&nbsp;M\u00e1s tarde tuvieron que trasladarse a la Ciudad Judicial, a otra sede de la Fiscal\u00eda General del Estado.&nbsp;<\/p>\n\n\n\n<p class=\"MsoNormal\">Fueron alrededor de 11 trabajadores de medios de comunicaci\u00f3n afectados con la agresi\u00f3n iniciada por los manifestantes.&nbsp;<\/p>\n\n\n\n<p class=\"MsoNormal\">Durante los primeros minutos de la manifestaci\u00f3n, registrada en las oficinas ubicada en la calle de D\u00edaz Quintas, un equipo de trabajo de una empresa televisora, que acudi\u00f3 dar cobertura a la protesta, fue obligado por hombres cubiertos del rostro y armados con arma blanca a borrar el material registrado, acci\u00f3n que fue dirigida a la reportera.<\/p>\n\n\n\n<p class=\"MsoNormal\">Posterior esa agresi\u00f3n, otro grupo de reporteros que arrib\u00f3 al lugar tambi\u00e9n fue agredido por un grupo numeroso de hombre que se incomodaron por la cobertura de la protesta y posteriormente trataron de impedir el registro de los hechos violentos.<\/p>\n\n\n\n<p class=\"MsoNormal\">En las transmisiones en vivo que realizaron los distintos medios a trav\u00e9s de Facebook se evidencia la violencia contra los reporteros por parte de hombres j\u00f3venes y adultos, presuntamente pertenecientes a grupo de choque de organizaciones de transportistas.<\/p>\n\n\n\n<p class=\"MsoNormal\">La presencia de los medios incomod\u00f3 a quienes aparentemente estaban bajo los influjos de alguna droga, pero que ante el arribo de uno de sus l\u00edderes se valentonaron para comenzar la gresca en la que los reporteros trataron de defenderse con algunos bastones o tripi\u00e9s &nbsp;de las c\u00e1maras.&nbsp;<\/p>\n\n\n\n<p class=\"MsoNormal\">Los supuestos pobladores de San Sebasti\u00e1n Tutla alcanzaron a golpear a algunos reporteros con cinturones, patadas o pu\u00f1os.&nbsp; Algunos de ellos portaban armas de fuego, quedando registrado el hecho.<\/p>\n\n\n\n<p class=\"MsoNormal\">Tras varios metros en los que se registr\u00f3 una persecuci\u00f3n a pie, los reporteros lograron detener a un par de sujetos que participaron en la gresca.<\/p>\n\n\n\n<p class=\"MsoNormal\">Durante los hechos, que tardaron poco m\u00e1s de 20 minutos, la polic\u00eda Municipal y Estatal no hicieron presencia y m\u00e1s tarde se reportaron algunas detenciones, que no han confirmado las autoridades policiacas. <\/p>\n","protected":false},"excerpt":{"rendered":"<p>Yuridiana Sosa\/Zona Roja.&nbsp; Oaxaca de Ju\u00e1rez, Oax., 19 de febrero de 2020.- Con armas blancas&hellip;<\/p>\n","protected":false},"author":2,"featured_media":8954,"comment_status":"closed","ping_status":"open","sticky":false,"template":"","format":"standard","meta":{"_lmt_disableupdate":"","_lmt_disable":"","_jetpack_memberships_contains_paid_content":false,"footnotes":""},"categories":[109,51],"tags":[1396],"class_list":["post-8955","post","type-post","status-publish","format-standard","has-post-thumbnail","hentry","category-minuto-a-minuto","category-zona-roja","tag-agresion-a-periodistas-oaxaca"],"jetpack_featured_media_url":"https:\/\/zonaroja.com.mx\/wp-content\/uploads\/2020\/02\/f41b66ba-9735-411f-a31e-b878dfe7f5a3.jpg","jetpack_sharing_enabled":true,"_links":{"self":[{"href":"https:\/\/zonaroja.com.mx\/index.php?rest_route=\/wp\/v2\/posts\/8955","targetHints":{"allow":["GET"]}}],"collection":[{"href":"https:\/\/zonaroja.com.mx\/index.php?rest_route=\/wp\/v2\/posts"}],"about":[{"href":"https:\/\/zonaroja.com.mx\/index.php?rest_route=\/wp\/v2\/types\/post"}],"author":[{"embeddable":true,"href":"https:\/\/zonaroja.com.mx\/index.php?rest_route=\/wp\/v2\/users\/2"}],"replies":[{"embeddable":true,"href":"https:\/\/zonaroja.com.mx\/index.php?rest_route=%2Fwp%2Fv2%2Fcomments&post=8955"}],"version-history":[{"count":1,"href":"https:\/\/zonaroja.com.mx\/index.php?rest_route=\/wp\/v2\/posts\/8955\/revisions"}],"predecessor-version":[{"id":8956,"href":"https:\/\/zonaroja.com.mx\/index.php?rest_route=\/wp\/v2\/posts\/8955\/revisions\/8956"}],"wp:featuredmedia":[{"embeddable":true,"href":"https:\/\/zonaroja.com.mx\/index.php?rest_route=\/wp\/v2\/media\/8954"}],"wp:attachment":[{"href":"https:\/\/zonaroja.com.mx\/index.php?rest_route=%2Fwp%2Fv2%2Fmedia&parent=8955"}],"wp:term":[{"taxonomy":"category","embeddable":true,"href":"https:\/\/zonaroja.com.mx\/index.php?rest_route=%2Fwp%2Fv2%2Fcategories&post=8955"},{"taxonomy":"post_tag","embeddable":true,"href":"https:\/\/zonaroja.com.mx\/index.php?rest_route=%2Fwp%2Fv2%2Ftags&post=8955"}],"curies":[{"name":"wp","href":"https:\/\/api.w.org\/{rel}","templated":true}]}}