{"id":89560,"date":"2026-01-28T11:28:00","date_gmt":"2026-01-28T17:28:00","guid":{"rendered":"https:\/\/zonaroja.com.mx\/?p=89560"},"modified":"2026-01-28T08:29:33","modified_gmt":"2026-01-28T14:29:33","slug":"arranca-santa-cruz-xoxocotlan-el-ano-con-obras-que-transforman","status":"publish","type":"post","link":"https:\/\/zonaroja.com.mx\/?p=89560","title":{"rendered":"Arranca Santa Cruz Xoxocotl\u00e1n el a\u00f1o con obras que transforman"},"content":{"rendered":"\n<p>Redacci\u00f3n\/Zona Roja.<\/p>\n\n\n\n<p>Oaxaca, Oax., a 28 de enero de 2026.- La presidenta municipal, Nancy Ben\u00edtez Z\u00e1rate, inici\u00f3 el a\u00f1o con la entrega de infraestructura urbana que beneficia de manera directa a 702 habitantes.<\/p>\n\n\n\n<p>Acompa\u00f1ada por su Cabildo, la mun\u00edcipe inaugur\u00f3 obras estrat\u00e9gicas dise\u00f1adas para abatir rezagos y modernizar la movilidad en diversas zonas del municipio.<\/p>\n\n\n\n<p>En materia de vialidad, se entreg\u00f3 la pavimentaci\u00f3n con concreto hidr\u00e1ulico en la calle Primavera de la colonia 21 de Marzo y en la Avenida Morelos de la colonia Sat\u00e9lite.<\/p>\n\n\n\n<p>Asimismo, se inaugur\u00f3 el adoquinado de la calle Maya en la colonia Las Culturas, una obra clave que facilita el tr\u00e1nsito y mejora el acceso en este sector.<\/p>\n\n\n\n<p>En cuanto a servicios b\u00e1sicos, la administraci\u00f3n habilit\u00f3 la ampliaci\u00f3n de la red de agua entubada en la calle Allende de la colonia Insurgentes, garantizando el acceso al l\u00edquido vital.<\/p>\n\n\n\n<p>De igual forma, en la Agencia de Polic\u00eda de Aguayo, se activ\u00f3 la red de electrificaci\u00f3n en las calles 21 de Marzo, 2 de Abril y Vicente Guerrero, fortaleciendo la seguridad de las familias.<\/p>\n\n\n\n<p>Al concluir la gira, Ben\u00edtez Z\u00e1rate afirm\u00f3 que estas acciones refrendan su compromiso de que los beneficios de la obra p\u00fablica lleguen a todos los rincones de Xoxocotl\u00e1n.<\/p>\n\n\n\n<p>\u201cEl progreso de nuestra ciudad no se detendr\u00e1 y ninguna colonia quedar\u00e1 en el olvido\u201d, sostuvo.<\/p>\n","protected":false},"excerpt":{"rendered":"<p>Redacci\u00f3n\/Zona Roja. Oaxaca, Oax., a 28 de enero de 2026.- La presidenta municipal, Nancy Ben\u00edtez&hellip;<\/p>\n","protected":false},"author":2,"featured_media":89561,"comment_status":"closed","ping_status":"open","sticky":false,"template":"","format":"standard","meta":{"_lmt_disableupdate":"","_lmt_disable":"","_jetpack_memberships_contains_paid_content":false,"footnotes":""},"categories":[109,46],"tags":[133],"class_list":["post-89560","post","type-post","status-publish","format-standard","has-post-thumbnail","hentry","category-minuto-a-minuto","category-zona-blanca","tag-santa-cruz-xoxocotlan"],"jetpack_featured_media_url":"https:\/\/zonaroja.com.mx\/wp-content\/uploads\/2026\/01\/Nancy-Benitez-arranca-el-ano-con-obras-que-transforman-Xoxocotlan-3.jpeg","jetpack_sharing_enabled":true,"_links":{"self":[{"href":"https:\/\/zonaroja.com.mx\/index.php?rest_route=\/wp\/v2\/posts\/89560","targetHints":{"allow":["GET"]}}],"collection":[{"href":"https:\/\/zonaroja.com.mx\/index.php?rest_route=\/wp\/v2\/posts"}],"about":[{"href":"https:\/\/zonaroja.com.mx\/index.php?rest_route=\/wp\/v2\/types\/post"}],"author":[{"embeddable":true,"href":"https:\/\/zonaroja.com.mx\/index.php?rest_route=\/wp\/v2\/users\/2"}],"replies":[{"embeddable":true,"href":"https:\/\/zonaroja.com.mx\/index.php?rest_route=%2Fwp%2Fv2%2Fcomments&post=89560"}],"version-history":[{"count":1,"href":"https:\/\/zonaroja.com.mx\/index.php?rest_route=\/wp\/v2\/posts\/89560\/revisions"}],"predecessor-version":[{"id":89562,"href":"https:\/\/zonaroja.com.mx\/index.php?rest_route=\/wp\/v2\/posts\/89560\/revisions\/89562"}],"wp:featuredmedia":[{"embeddable":true,"href":"https:\/\/zonaroja.com.mx\/index.php?rest_route=\/wp\/v2\/media\/89561"}],"wp:attachment":[{"href":"https:\/\/zonaroja.com.mx\/index.php?rest_route=%2Fwp%2Fv2%2Fmedia&parent=89560"}],"wp:term":[{"taxonomy":"category","embeddable":true,"href":"https:\/\/zonaroja.com.mx\/index.php?rest_route=%2Fwp%2Fv2%2Fcategories&post=89560"},{"taxonomy":"post_tag","embeddable":true,"href":"https:\/\/zonaroja.com.mx\/index.php?rest_route=%2Fwp%2Fv2%2Ftags&post=89560"}],"curies":[{"name":"wp","href":"https:\/\/api.w.org\/{rel}","templated":true}]}}