{"id":89577,"date":"2026-01-29T07:15:00","date_gmt":"2026-01-29T13:15:00","guid":{"rendered":"https:\/\/zonaroja.com.mx\/?p=89577"},"modified":"2026-01-29T07:00:38","modified_gmt":"2026-01-29T13:00:38","slug":"detienen-a-segunda-persona-por-tragedia-en-tren-interoceanico-buscan-a-otro","status":"publish","type":"post","link":"https:\/\/zonaroja.com.mx\/?p=89577","title":{"rendered":"Detienen a segunda persona por tragedia en Tren Interoce\u00e1nico; buscan a otro"},"content":{"rendered":"\n<p>Redacci\u00f3n\/Zona Roja Cdmx.<\/p>\n\n\n\n<p>(Informaci\u00f3n de \u201cQuinto Poder\u201d)<\/p>\n\n\n\n<p>Ciudad de M\u00e9xico, a 29 de enero de 2026.- La Fiscal\u00eda General de la Rep\u00fablica (FGR) inform\u00f3 la detenci\u00f3n de Ricardo \u201cN\u201d, funcionario del \u00e1rea de operaciones del Tren Interoce\u00e1nico, como parte de las investigaciones por el descarrilamiento ocurrido el 28 de diciembre de 2025 en Nizanda, Oaxaca, accidente que dej\u00f3 un saldo de 14 personas fallecidas y decenas de heridos.<\/p>\n\n\n\n<p>El detenido se desempe\u00f1aba como jefe de Despacho, un cargo clave en la coordinaci\u00f3n operativa de los trenes. Su captura se llev\u00f3 a cabo el 26 de enero en Coatzacoalcos, Veracruz, durante un operativo de la Agencia de Investigaci\u00f3n Criminal. Posteriormente, fue trasladado al Centro de Justicia Penal Federal en Cintalapa, Chiapas, donde qued\u00f3 a disposici\u00f3n de un juez.<\/p>\n\n\n\n<p>De acuerdo con la carpeta de investigaci\u00f3n, Ricardo \u201cN\u201d enfrenta acusaciones por homicidio culposo y lesiones culposas, al ser considerado parte de la cadena de responsabilidades en la operaci\u00f3n del convoy siniestrado.&nbsp;<\/p>\n\n\n\n<p>Adem\u00e1s, las autoridades federales se\u00f1alaron que no contaba con licencia ferroviaria vigente al momento del accidente, un elemento que podr\u00eda agravar su situaci\u00f3n legal. Su rol dentro del sistema ferroviario implicaba supervisar y coordinar aspectos cr\u00edticos del tr\u00e1nsito del tren, lo que lo coloca como una pieza relevante en la investigaci\u00f3n.<\/p>\n\n\n\n<p>LAS CAUSAS<\/p>\n\n\n\n<p>Los peritajes realizados por la FGR descartaron fallas mec\u00e1nicas o estructurales en la v\u00eda f\u00e9rrea. En cambio, los an\u00e1lisis de la caja negra del tren apuntan a que el exceso de velocidad fue la causa principal del descarrilamiento.<\/p>\n\n\n\n<p>Los registros indican que el tren alcanz\u00f3 hasta 111 kil\u00f3metros por hora en tramos donde el l\u00edmite permitido era de 70, y que en la curva donde ocurri\u00f3 el siniestro circulaba a 65 kil\u00f3metros por hora, superando el m\u00e1ximo autorizado de 50 kil\u00f3metros por hora, de acuerdo con el Horario Ferroviario Vigente.<\/p>\n\n\n\n<p>Por el mismo caso, la FGR tambi\u00e9n detuvo a Felipe \u201cN\u201d, identificado como el maquinista principal del Tren Interoce\u00e1nico, quien era responsable directo del control de la velocidad y las maniobras de la locomotora.<\/p>\n\n\n\n<p>Asimismo, las autoridades mantienen vigente una orden de aprehensi\u00f3n contra Emilio Erasmo Canteros M\u00e9ndez, otro operador cuya presunta participaci\u00f3n contin\u00faa bajo investigaci\u00f3n.<\/p>\n\n\n\n<p>El descarrilamiento ocurri\u00f3 en el kil\u00f3metro Z-230 + 290 de la ruta Salina Cruz\u2013Coatzacoalcos, cuando el tren perdi\u00f3 estabilidad al ingresar a una curva pronunciada. A bordo viajaban aproximadamente 250 personas, entre pasajeros y personal de tripulaci\u00f3n. El saldo oficial fue de 14 personas fallecidas y casi un centenar de lesionadas, algunas de ellas con heridas de gravedad.<\/p>\n\n\n\n<p>La FGR reiter\u00f3 que las indagatorias siguen abiertas y que se ejercer\u00e1 acci\u00f3n penal contra todos los posibles responsables conforme avancen los procesos judiciales. Adem\u00e1s, las autoridades federales se\u00f1alaron que se mantiene el seguimiento a las v\u00edctimas y a sus familias, como parte del proceso de atenci\u00f3n y reparaci\u00f3n del da\u00f1o.<\/p>\n","protected":false},"excerpt":{"rendered":"<p>Redacci\u00f3n\/Zona Roja Cdmx. (Informaci\u00f3n de \u201cQuinto Poder\u201d) Ciudad de M\u00e9xico, a 29 de enero de&hellip;<\/p>\n","protected":false},"author":2,"featured_media":88658,"comment_status":"closed","ping_status":"open","sticky":false,"template":"","format":"standard","meta":{"_lmt_disableupdate":"","_lmt_disable":"","_jetpack_memberships_contains_paid_content":false,"footnotes":""},"categories":[109,47],"tags":[4607],"class_list":["post-89577","post","type-post","status-publish","format-standard","has-post-thumbnail","hentry","category-minuto-a-minuto","category-zona-gris","tag-descarrila-tren-interoceanico"],"jetpack_featured_media_url":"https:\/\/zonaroja.com.mx\/wp-content\/uploads\/2026\/01\/Accidente-Tren-Interoceanico-Oaxaca.jpg","jetpack_sharing_enabled":true,"_links":{"self":[{"href":"https:\/\/zonaroja.com.mx\/index.php?rest_route=\/wp\/v2\/posts\/89577","targetHints":{"allow":["GET"]}}],"collection":[{"href":"https:\/\/zonaroja.com.mx\/index.php?rest_route=\/wp\/v2\/posts"}],"about":[{"href":"https:\/\/zonaroja.com.mx\/index.php?rest_route=\/wp\/v2\/types\/post"}],"author":[{"embeddable":true,"href":"https:\/\/zonaroja.com.mx\/index.php?rest_route=\/wp\/v2\/users\/2"}],"replies":[{"embeddable":true,"href":"https:\/\/zonaroja.com.mx\/index.php?rest_route=%2Fwp%2Fv2%2Fcomments&post=89577"}],"version-history":[{"count":1,"href":"https:\/\/zonaroja.com.mx\/index.php?rest_route=\/wp\/v2\/posts\/89577\/revisions"}],"predecessor-version":[{"id":89578,"href":"https:\/\/zonaroja.com.mx\/index.php?rest_route=\/wp\/v2\/posts\/89577\/revisions\/89578"}],"wp:featuredmedia":[{"embeddable":true,"href":"https:\/\/zonaroja.com.mx\/index.php?rest_route=\/wp\/v2\/media\/88658"}],"wp:attachment":[{"href":"https:\/\/zonaroja.com.mx\/index.php?rest_route=%2Fwp%2Fv2%2Fmedia&parent=89577"}],"wp:term":[{"taxonomy":"category","embeddable":true,"href":"https:\/\/zonaroja.com.mx\/index.php?rest_route=%2Fwp%2Fv2%2Fcategories&post=89577"},{"taxonomy":"post_tag","embeddable":true,"href":"https:\/\/zonaroja.com.mx\/index.php?rest_route=%2Fwp%2Fv2%2Ftags&post=89577"}],"curies":[{"name":"wp","href":"https:\/\/api.w.org\/{rel}","templated":true}]}}