{"id":89579,"date":"2026-01-29T08:15:00","date_gmt":"2026-01-29T14:15:00","guid":{"rendered":"https:\/\/zonaroja.com.mx\/?p=89579"},"modified":"2026-01-29T07:28:49","modified_gmt":"2026-01-29T13:28:49","slug":"no-habra-impunidad-en-casos-huatulco-y-erick-jair-dice-fiscal-de-oaxaca","status":"publish","type":"post","link":"https:\/\/zonaroja.com.mx\/?p=89579","title":{"rendered":"No habr\u00e1 impunidad en casos Huatulco y \u00c9rick Jair, dice fiscal de Oaxaca"},"content":{"rendered":"\n<p>Lisbeth Mej\u00eda Reyes\/Zona Roja.<\/p>\n\n\n\n<p>Oaxaca, Oax., a 29 de enero de 2026.- El fiscal general del estado de Oaxaca, Bernardo Rodr\u00edguez Alamilla, asegur\u00f3 que no habr\u00e1 impunidad en el homicidio culposo de la joven Dulce Enr\u00edquez ni se encubrir\u00e1 a nadie, incluso si el responsable fuera el presidente municipal de Santa Mar\u00eda Huatulco, Julio C\u00e1rdenas, uno de los involucrados en la volcadura de la camioneta en el libramiento de Ocotl\u00e1n del pasado 9 de enero.<\/p>\n\n\n\n<p>\u00abEl mensaje tiene que ser completamente de no impunidad\u00bb, asegur\u00f3 el fiscal este mi\u00e9rcoles tras asistir a una de las comparecencias del funcionariado estatal en la sede del Congreso de Oaxaca.<\/p>\n\n\n\n<p>Rodr\u00edguez Alamilla confirm\u00f3 que se indaga la probable participaci\u00f3n del edil de Huatulco, Julio C\u00e1rdenas (Partido Verde Ecologista), en el accidente de tr\u00e1nsito, en el que presuntamente ven\u00eda en estas de ebriedad.<\/p>\n\n\n\n<p>\u00abLa primera informaci\u00f3n que tenemos es que el escolta es el que se nos se\u00f1ala que ven\u00eda manejando. Vamos a definir que eso sea real en torno a los peritajes\u00bb, explic\u00f3 el fiscal sobre las investigaciones de los hechos para conocer \u00ablos niveles de responsabilidad\u00bb, a fin de garantizar la justicia y reparaci\u00f3n del da\u00f1o a la familia de la joven, quien falleci\u00f3 el 19 de enero, 10 d\u00edas despu\u00e9s de la volcadura de la camioneta.<\/p>\n\n\n\n<p>Las declaraciones del fiscal se dan a un d\u00eda de que la diputada Concepci\u00f3n Rueda G\u00f3mez (Morena) exigi\u00f3 que el presidente municipal de Huatulco se separe inmediatamente del cargo para garantizar la investigaci\u00f3n y acceso a la justicia de Dulce y su familia.<\/p>\n\n\n\n<p>A la fiscal\u00eda, la legisladora le exigi\u00f3 \u00abuna investigaci\u00f3n pronta, exhaustiva, imparcial y con perspectiva de g\u00e9nero\u00bb, pero tambi\u00e9n sin consignas ni privilegios.<\/p>\n\n\n\n<p>CASO DESAPARECIDO<\/p>\n\n\n\n<p>Abordado en la sede del Congreso, el fiscal tambi\u00e9n respondi\u00f3 que en las agresiones y desaparici\u00f3n del joven \u00c9rick Jair P\u00e9rez Lim\u00f3n hay avances significativos. Adem\u00e1s de que ya hay tres personas detenidas por los hechos, aunque todav\u00eda hay \u00f3rdenes de aprehensi\u00f3n pendientes de ejecutar.<\/p>\n\n\n\n<p>El fiscal habl\u00f3 tambi\u00e9n del reciente homicidio de una pareja en Juchit\u00e1n de Zaragoza, del que expuso que ya se levantaron las pruebas periciales y se avanza en las investigaciones, por lo que se espera tener pronto los resultados.<\/p>\n\n\n\n<figure class=\"wp-block-embed is-type-rich is-provider-twitter wp-block-embed-twitter\"><div class=\"wp-block-embed__wrapper\">\n<div class=\"twitter-tweet\"><blockquote class=\"twitter-tweet\" data-lang=\"es\"><p lang=\"es\" dir=\"ltr\">Tras acudir al <a href=\"https:\/\/twitter.com\/CongresoOaxaca_?ref_src=twsrc%5Etfw\">@CongresoOaxaca_<\/a> a la primera comparecencia con motivo de la glosa del informe, el fiscal General del Estado, <a href=\"https:\/\/twitter.com\/FiscalOaxaca?ref_src=twsrc%5Etfw\">@FiscalOaxaca<\/a>, confirm\u00f3 que se indaga la probable participaci\u00f3n del edil de Huatulco, Julio C\u00e1rdenas, tras el accidente de tr\u00e1nsito que dej\u00f3 una persona\u2026 <a href=\"https:\/\/t.co\/tWWWW1bkWF\">pic.twitter.com\/tWWWW1bkWF<\/a><\/p>&mdash; Zona Roja Oaxaca (@ZonaRoja_Oaxaca) <a href=\"https:\/\/twitter.com\/ZonaRoja_Oaxaca\/status\/2016589146895126617?ref_src=twsrc%5Etfw\">28 de enero de 2026<\/a><\/blockquote><\/div>\n<\/div><\/figure>\n","protected":false},"excerpt":{"rendered":"<p>Lisbeth Mej\u00eda Reyes\/Zona Roja. Oaxaca, Oax., a 29 de enero de 2026.- El fiscal general&hellip;<\/p>\n","protected":false},"author":2,"featured_media":89587,"comment_status":"closed","ping_status":"open","sticky":false,"template":"","format":"standard","meta":{"_lmt_disableupdate":"","_lmt_disable":"","_jetpack_memberships_contains_paid_content":false,"footnotes":""},"categories":[109,46],"tags":[1262,494],"class_list":["post-89579","post","type-post","status-publish","format-standard","has-post-thumbnail","hentry","category-minuto-a-minuto","category-zona-blanca","tag-bernardo-rodriguez-alamilla","tag-fiscalia-general-del-estado-de-oaxaca"],"jetpack_featured_media_url":"https:\/\/zonaroja.com.mx\/wp-content\/uploads\/2026\/01\/Fiscal-Bernardo-Rodriguez-Alamilla.jpg","jetpack_sharing_enabled":true,"_links":{"self":[{"href":"https:\/\/zonaroja.com.mx\/index.php?rest_route=\/wp\/v2\/posts\/89579","targetHints":{"allow":["GET"]}}],"collection":[{"href":"https:\/\/zonaroja.com.mx\/index.php?rest_route=\/wp\/v2\/posts"}],"about":[{"href":"https:\/\/zonaroja.com.mx\/index.php?rest_route=\/wp\/v2\/types\/post"}],"author":[{"embeddable":true,"href":"https:\/\/zonaroja.com.mx\/index.php?rest_route=\/wp\/v2\/users\/2"}],"replies":[{"embeddable":true,"href":"https:\/\/zonaroja.com.mx\/index.php?rest_route=%2Fwp%2Fv2%2Fcomments&post=89579"}],"version-history":[{"count":1,"href":"https:\/\/zonaroja.com.mx\/index.php?rest_route=\/wp\/v2\/posts\/89579\/revisions"}],"predecessor-version":[{"id":89580,"href":"https:\/\/zonaroja.com.mx\/index.php?rest_route=\/wp\/v2\/posts\/89579\/revisions\/89580"}],"wp:featuredmedia":[{"embeddable":true,"href":"https:\/\/zonaroja.com.mx\/index.php?rest_route=\/wp\/v2\/media\/89587"}],"wp:attachment":[{"href":"https:\/\/zonaroja.com.mx\/index.php?rest_route=%2Fwp%2Fv2%2Fmedia&parent=89579"}],"wp:term":[{"taxonomy":"category","embeddable":true,"href":"https:\/\/zonaroja.com.mx\/index.php?rest_route=%2Fwp%2Fv2%2Fcategories&post=89579"},{"taxonomy":"post_tag","embeddable":true,"href":"https:\/\/zonaroja.com.mx\/index.php?rest_route=%2Fwp%2Fv2%2Ftags&post=89579"}],"curies":[{"name":"wp","href":"https:\/\/api.w.org\/{rel}","templated":true}]}}