{"id":8958,"date":"2020-02-19T15:29:11","date_gmt":"2020-02-19T21:29:11","guid":{"rendered":"https:\/\/www.zonaroja.com.mx\/?p=8958"},"modified":"2020-02-19T15:30:28","modified_gmt":"2020-02-19T21:30:28","slug":"condena-presidente-del-congreso-de-oaxaca-la-agresion-a-periodistas","status":"publish","type":"post","link":"https:\/\/zonaroja.com.mx\/?p=8958","title":{"rendered":"Condena presidente del Congreso de Oaxaca la agresi\u00f3n a periodistas"},"content":{"rendered":"\n<p class=\"MsoNormal\">Redacci\u00f3n\/ZonaRoja.&nbsp;<\/p>\n\n\n\n<p class=\"MsoNormal\">Oaxaca de Ju\u00e1rez, Oax.. 19 de febrero de 2020.- Ante las agresiones que fueron objeto periodistas oaxaque\u00f1os por parte de un grupo de personas que se manifestaban al exterior del Tribunal Unitario Agrario, el presidente de la Junta de Coordinaci\u00f3n Pol\u00edtica del Congreso local, Horacio Sosa, conden\u00f3 de forma en\u00e9rgica este cobarde acto e hizo un llamado a las autoridades a investigar y castigar a los responsables.<\/p>\n\n\n\n<p class=\"MsoNormal\">En este sentido, en un comunicado manifest\u00f3 que a trav\u00e9s de la Comisi\u00f3n Permanente de Derechos Humanos, que preside la diputada Magaly L\u00f3pez, dar\u00e1 acompa\u00f1amiento a los integrantes de la prensa que fueron agredidos. &nbsp;<\/p>\n\n\n\n<p class=\"MsoNormal\">El diputado local dijo que en Oaxaca no puede haber actos que atenten contra la libertad de expresi\u00f3n, al ser el ejercicio period\u00edstico, un conducto para que la sociedad est\u00e9 informada y cuente con elementos para su toma de decisiones en nuestro pa\u00eds.<\/p>\n\n\n\n<p class=\"MsoNormal\">Dijo tambi\u00e9n que la 64 Legislatura refrenda su disposici\u00f3n a vigilar que las instancias correspondientes como la Fiscal\u00eda General del Estado realice una pronta investigaci\u00f3n y sancionar a los responsables de esta acci\u00f3n de la que fueron objeto los comunicadores, quienes \u00fanicamente realizaban su trabajo, al cubrir una manifestaci\u00f3n en la dependencia antes se\u00f1alada. <\/p>\n","protected":false},"excerpt":{"rendered":"<p>Redacci\u00f3n\/ZonaRoja.&nbsp; Oaxaca de Ju\u00e1rez, Oax.. 19 de febrero de 2020.- Ante las agresiones que fueron&hellip;<\/p>\n","protected":false},"author":2,"featured_media":8957,"comment_status":"closed","ping_status":"open","sticky":false,"template":"","format":"standard","meta":{"_lmt_disableupdate":"","_lmt_disable":"","_jetpack_memberships_contains_paid_content":false,"footnotes":""},"categories":[109,51],"tags":[444],"class_list":["post-8958","post","type-post","status-publish","format-standard","has-post-thumbnail","hentry","category-minuto-a-minuto","category-zona-roja","tag-horacio-sosa-villavicencio"],"jetpack_featured_media_url":"https:\/\/zonaroja.com.mx\/wp-content\/uploads\/2020\/02\/condena-presidente-de-la-jucopo-horacio-sosa-agresio\u0301n-a-periodistas.jpg","jetpack_sharing_enabled":true,"_links":{"self":[{"href":"https:\/\/zonaroja.com.mx\/index.php?rest_route=\/wp\/v2\/posts\/8958","targetHints":{"allow":["GET"]}}],"collection":[{"href":"https:\/\/zonaroja.com.mx\/index.php?rest_route=\/wp\/v2\/posts"}],"about":[{"href":"https:\/\/zonaroja.com.mx\/index.php?rest_route=\/wp\/v2\/types\/post"}],"author":[{"embeddable":true,"href":"https:\/\/zonaroja.com.mx\/index.php?rest_route=\/wp\/v2\/users\/2"}],"replies":[{"embeddable":true,"href":"https:\/\/zonaroja.com.mx\/index.php?rest_route=%2Fwp%2Fv2%2Fcomments&post=8958"}],"version-history":[{"count":1,"href":"https:\/\/zonaroja.com.mx\/index.php?rest_route=\/wp\/v2\/posts\/8958\/revisions"}],"predecessor-version":[{"id":8959,"href":"https:\/\/zonaroja.com.mx\/index.php?rest_route=\/wp\/v2\/posts\/8958\/revisions\/8959"}],"wp:featuredmedia":[{"embeddable":true,"href":"https:\/\/zonaroja.com.mx\/index.php?rest_route=\/wp\/v2\/media\/8957"}],"wp:attachment":[{"href":"https:\/\/zonaroja.com.mx\/index.php?rest_route=%2Fwp%2Fv2%2Fmedia&parent=8958"}],"wp:term":[{"taxonomy":"category","embeddable":true,"href":"https:\/\/zonaroja.com.mx\/index.php?rest_route=%2Fwp%2Fv2%2Fcategories&post=8958"},{"taxonomy":"post_tag","embeddable":true,"href":"https:\/\/zonaroja.com.mx\/index.php?rest_route=%2Fwp%2Fv2%2Ftags&post=8958"}],"curies":[{"name":"wp","href":"https:\/\/api.w.org\/{rel}","templated":true}]}}