{"id":89581,"date":"2026-01-29T09:15:00","date_gmt":"2026-01-29T15:15:00","guid":{"rendered":"https:\/\/zonaroja.com.mx\/?p=89581"},"modified":"2026-01-29T07:22:52","modified_gmt":"2026-01-29T13:22:52","slug":"empresa-se-apropia-de-guelaguetza-para-promover-espectaculo-ecuestre","status":"publish","type":"post","link":"https:\/\/zonaroja.com.mx\/?p=89581","title":{"rendered":"Empresa se apropia de Guelaguetza para promover espect\u00e1culo ecuestre"},"content":{"rendered":"\n<p>Redacci\u00f3n\/Zona Roja.<\/p>\n\n\n\n<p>Oaxaca, Oax., a 29 de enero de 2026. El gobierno de Oaxaca a trav\u00e9s de la Secretar\u00eda de las Culturas y Artes, demand\u00f3 a los responsables del espect\u00e1culo denominado \u201cLa Guelaguetza ecuestre, tradici\u00f3n en movimiento\u201d, el retiro inmediato y total de toda propaganda, publicidad y material promocional \u2014f\u00edsico o digital\u2014 que haga uso o referencia indebida a esta expresi\u00f3n cultural protegida.<\/p>\n\n\n\n<p>En un comunicado, detall\u00f3 que la Guelaguetza no es una marca ni un espect\u00e1culo de libre uso comercial, ya que de conformidad con el Art\u00edculo 2 de la Ley de Protecci\u00f3n, Acceso y Difusi\u00f3n para la Festividad de la Guelaguetza del Estado de Oaxaca, esta constituye un patrimonio cultural material e inmaterial de los pueblos y comunidades ind\u00edgenas y afromexicanas, y se encuentra sujeta a un r\u00e9gimen especial de protecci\u00f3n jur\u00eddica.<\/p>\n\n\n\n<p>\u201cEn consecuencia, el uso del nombre, s\u00edmbolos, elementos o referencias a esta festividad con fines comerciales, de manera descontextualizada y sin la participaci\u00f3n ni el consentimiento de los pueblos que la han sostenido hist\u00f3ricamente, constituye un acto de apropiaci\u00f3n cultural y una probable vulneraci\u00f3n al marco constitucional y legal vigente\u201d.<\/p>\n\n\n\n<p>Por lo anterior, la Secretar\u00eda de las Culturas se reserva expresamente el derecho de iniciar las acciones jur\u00eddicas y administrativas que resulten procedentes, conforme a la Constituci\u00f3n y a la normatividad aplicable; para la defensa, protecci\u00f3n y salvaguarda del patrimonio cultural de los pueblos de Oaxaca, sin necesidad de previo aviso adicional.<\/p>\n\n\n\n<p>Esta actuaci\u00f3n, aclar\u00f3, est\u00e1 fundamentada en los art\u00edculos 1, 2 y 4 de la Constituci\u00f3n Pol\u00edtica de los Estados Unidos Mexicanos, que reconocen y protegen los derechos culturales colectivos, y obligan al Estado a prevenir, detener y sancionar el uso no consentido de las expresiones culturales de los pueblos originarios.<\/p>\n\n\n\n<p>\u201cPara el Gobierno de Oaxaca la cultura de los pueblos no es mercanc\u00eda, por lo que su uso indebido no ser\u00e1 tolerado\u201d, indic\u00f3.<\/p>\n","protected":false},"excerpt":{"rendered":"<p>Redacci\u00f3n\/Zona Roja. Oaxaca, Oax., a 29 de enero de 2026. El gobierno de Oaxaca a&hellip;<\/p>\n","protected":false},"author":2,"featured_media":89582,"comment_status":"closed","ping_status":"open","sticky":false,"template":"","format":"standard","meta":{"_lmt_disableupdate":"","_lmt_disable":"","_jetpack_memberships_contains_paid_content":false,"footnotes":""},"categories":[109,46],"tags":[1161],"class_list":["post-89581","post","type-post","status-publish","format-standard","has-post-thumbnail","hentry","category-minuto-a-minuto","category-zona-blanca","tag-secretaria-de-las-culturas-y-las-artes"],"jetpack_featured_media_url":"https:\/\/zonaroja.com.mx\/wp-content\/uploads\/2026\/01\/Guelaguetza-encuestre-Pedro-Domeq.jpg","jetpack_sharing_enabled":true,"_links":{"self":[{"href":"https:\/\/zonaroja.com.mx\/index.php?rest_route=\/wp\/v2\/posts\/89581","targetHints":{"allow":["GET"]}}],"collection":[{"href":"https:\/\/zonaroja.com.mx\/index.php?rest_route=\/wp\/v2\/posts"}],"about":[{"href":"https:\/\/zonaroja.com.mx\/index.php?rest_route=\/wp\/v2\/types\/post"}],"author":[{"embeddable":true,"href":"https:\/\/zonaroja.com.mx\/index.php?rest_route=\/wp\/v2\/users\/2"}],"replies":[{"embeddable":true,"href":"https:\/\/zonaroja.com.mx\/index.php?rest_route=%2Fwp%2Fv2%2Fcomments&post=89581"}],"version-history":[{"count":1,"href":"https:\/\/zonaroja.com.mx\/index.php?rest_route=\/wp\/v2\/posts\/89581\/revisions"}],"predecessor-version":[{"id":89583,"href":"https:\/\/zonaroja.com.mx\/index.php?rest_route=\/wp\/v2\/posts\/89581\/revisions\/89583"}],"wp:featuredmedia":[{"embeddable":true,"href":"https:\/\/zonaroja.com.mx\/index.php?rest_route=\/wp\/v2\/media\/89582"}],"wp:attachment":[{"href":"https:\/\/zonaroja.com.mx\/index.php?rest_route=%2Fwp%2Fv2%2Fmedia&parent=89581"}],"wp:term":[{"taxonomy":"category","embeddable":true,"href":"https:\/\/zonaroja.com.mx\/index.php?rest_route=%2Fwp%2Fv2%2Fcategories&post=89581"},{"taxonomy":"post_tag","embeddable":true,"href":"https:\/\/zonaroja.com.mx\/index.php?rest_route=%2Fwp%2Fv2%2Ftags&post=89581"}],"curies":[{"name":"wp","href":"https:\/\/api.w.org\/{rel}","templated":true}]}}