{"id":89588,"date":"2026-01-29T11:15:00","date_gmt":"2026-01-29T17:15:00","guid":{"rendered":"https:\/\/zonaroja.com.mx\/?p=89588"},"modified":"2026-01-29T07:50:16","modified_gmt":"2026-01-29T13:50:16","slug":"sinaloa-atacan-a-balazos-a-dos-diputados-desaparecen-14-ingenieros","status":"publish","type":"post","link":"https:\/\/zonaroja.com.mx\/?p=89588","title":{"rendered":"Sinaloa: atacan a balazos a dos diputados; desaparecen 14 ingenieros"},"content":{"rendered":"\n<p>Redacci\u00f3n\/Zona Roja Cdmx.<\/p>\n\n\n\n<p>(Informaci\u00f3n de \u201cLa Jornada\u201d)<\/p>\n\n\n\n<p>Ciudad de M\u00e9xico, a 29 de enero de 2026.- Los diputados locales por Movimiento Ciudadano (MC) Sergio Torres F\u00e9lix, quien tambi\u00e9n es dirigente estatal del partido, y Elizabeth Montoya Ojeda resultaron heridos de bala tras ser atacados en Culiac\u00e1n, Sinaloa, ayer, poco despu\u00e9s del mediod\u00eda en la zona conocida como el Malec\u00f3n Viejo; un escolta y chofer qued\u00f3 herido.<\/p>\n\n\n\n<p>La agresi\u00f3n armada se cometi\u00f3 cuando los legisladores sal\u00edan del Congreso estatal a bordo de su camioneta color blanco y cruzaban un paso peatonal, en el centro de la ciudad; cerca de las oficinas de MC. Seg\u00fan testigos, los pistoleros se desplazaban en una motocicleta.<\/p>\n\n\n\n<p>El gobernador del estado, Rub\u00e9n Rocha Moya, inform\u00f3 que instruy\u00f3 al secretario de Seguridad P\u00fablica, \u00d3scar Renter\u00eda Schazarino, para desplegar un operativo de b\u00fasqueda de los responsables.<\/p>\n\n\n\n<p>Al respecto, el gabinete de seguridad anunci\u00f3 que participar\u00e1 en las investigaciones relacionadas con la agresi\u00f3n contra los diputados sinaloenses.<\/p>\n\n\n\n<p>Las instituciones federales indicaron que mantienen \u201ccoordinaci\u00f3n permanente con las autoridades estatales para coadyuvar en las investigaciones.&nbsp;<\/p>\n\n\n\n<p>Y como resultado de las primeras acciones ya se ubic\u00f3 un veh\u00edculo Nissan Versa color blanco, presuntamente relacionado con los hechos\u201d, precis\u00f3.<\/p>\n\n\n\n<p>La unidad tiene da\u00f1os en el cristal de la parte trasera y estaba cerca del \u00e1rea donde ocurri\u00f3 la balacera,<\/p>\n\n\n\n<p>De Sergio Torres, hasta el cierre esta edici\u00f3n, era grave, pues recibi\u00f3 tiros en la cabeza y el cuerpo. La diputada Montoya es atendida en otro hospital, donde permanece estable y consciente, as\u00ed como el escolta, report\u00f3 el secretario de Salud estatal, Cuitl\u00e1huac Gonz\u00e1lez.<\/p>\n\n\n\n<p>El martes, Sergio Torres denunci\u00f3 que observaba intereses pol\u00edticos en la contienda por la dirigencia del Sindicato de Trabajadores de Culiac\u00e1n y solicit\u00f3 a sus l\u00edderes realizar elecciones libres y sin presi\u00f3n de ninguna parte.<\/p>\n\n\n\n<p>LOS DESAPARECIDOS<\/p>\n\n\n\n<p>Al menos 14 ingenieros y trabajadores de la mina canadiense Vizsla Mining, en el municipio de Concordia, Sinaloa, est\u00e1n desaparecidos; entre ellos hay siete residentes de Hermosillo, Sonora, y estudiantes practicantes de la Universidad Aut\u00f3noma de Guerrero, denunciaron familiares de los ausentes y la Asociaci\u00f3n de Ingenieros de Minas, Metalurgistas y Ge\u00f3logos de M\u00e9xico (AIMMGM).<\/p>\n\n\n\n<p>Seg\u00fan versiones de algunos testigos, el grupo habr\u00eda sido privado de la libertad por sujetos armados el pasado 23 de enero, cuando se encontraban en un campamento conocido como La Clementina, en la comunidad de P\u00e1nuco, que la propia empresa les hab\u00eda rentado por considerarlo un sitio seguro.<\/p>\n\n\n\n<p>Una mujer relat\u00f3 que alrededor de las 6 de la ma\u00f1ana de ese d\u00eda desconocidos irrumpieron en el lugar y se los llevaron sin que a la fecha exista comunicaci\u00f3n o exigencias por parte de quienes los privaron de la libertad.<\/p>\n\n\n\n<p>Los trabajadores formaban parte del personal encargado de labores de extracci\u00f3n de plata en la mina.<\/p>\n\n\n\n<p>De acuerdo con sus familiares, la empresa no ha presentado hasta ahora una denuncia formal ante las fiscal\u00edas correspondientes, con el argumento de que este caso afecte su cotizaci\u00f3n en la bolsa de valores.<\/p>\n\n\n\n<p>Al respecto, la AIMMGM, secci\u00f3n Sinaloa, se sum\u00f3 a la exigencia de b\u00fasqueda y a nombre de todo el sector minero del pa\u00eds, extern\u00f3 su preocupaci\u00f3n por la desaparici\u00f3n de los trabajadores.<\/p>\n\n\n\n<p>Entre los desaparecidos est\u00e1n Ignacio Salazar, Jos\u00e9 Casta\u00f1eda (ge\u00f3logo), Antonio Esparza (ingeniero), Antonio de la O (supervisor), los guardias de seguridad Javier Vargas, Javier Valdez y Antonio Valdez, as\u00ed como Sa\u00fal Albeto Ochoa P\u00e9rez; del resto se desconoce su identidad.<\/p>\n","protected":false},"excerpt":{"rendered":"<p>Redacci\u00f3n\/Zona Roja Cdmx. (Informaci\u00f3n de \u201cLa Jornada\u201d) Ciudad de M\u00e9xico, a 29 de enero de&hellip;<\/p>\n","protected":false},"author":2,"featured_media":89589,"comment_status":"closed","ping_status":"open","sticky":false,"template":"","format":"standard","meta":{"_lmt_disableupdate":"","_lmt_disable":"","_jetpack_memberships_contains_paid_content":false,"footnotes":""},"categories":[109,47],"tags":[4146],"class_list":["post-89588","post","type-post","status-publish","format-standard","has-post-thumbnail","hentry","category-minuto-a-minuto","category-zona-gris","tag-violencia-en-sinaloa"],"jetpack_featured_media_url":"https:\/\/zonaroja.com.mx\/wp-content\/uploads\/2026\/01\/Diputados-Sinaloa-atacados-a-balazos.jpg","jetpack_sharing_enabled":true,"_links":{"self":[{"href":"https:\/\/zonaroja.com.mx\/index.php?rest_route=\/wp\/v2\/posts\/89588","targetHints":{"allow":["GET"]}}],"collection":[{"href":"https:\/\/zonaroja.com.mx\/index.php?rest_route=\/wp\/v2\/posts"}],"about":[{"href":"https:\/\/zonaroja.com.mx\/index.php?rest_route=\/wp\/v2\/types\/post"}],"author":[{"embeddable":true,"href":"https:\/\/zonaroja.com.mx\/index.php?rest_route=\/wp\/v2\/users\/2"}],"replies":[{"embeddable":true,"href":"https:\/\/zonaroja.com.mx\/index.php?rest_route=%2Fwp%2Fv2%2Fcomments&post=89588"}],"version-history":[{"count":1,"href":"https:\/\/zonaroja.com.mx\/index.php?rest_route=\/wp\/v2\/posts\/89588\/revisions"}],"predecessor-version":[{"id":89590,"href":"https:\/\/zonaroja.com.mx\/index.php?rest_route=\/wp\/v2\/posts\/89588\/revisions\/89590"}],"wp:featuredmedia":[{"embeddable":true,"href":"https:\/\/zonaroja.com.mx\/index.php?rest_route=\/wp\/v2\/media\/89589"}],"wp:attachment":[{"href":"https:\/\/zonaroja.com.mx\/index.php?rest_route=%2Fwp%2Fv2%2Fmedia&parent=89588"}],"wp:term":[{"taxonomy":"category","embeddable":true,"href":"https:\/\/zonaroja.com.mx\/index.php?rest_route=%2Fwp%2Fv2%2Fcategories&post=89588"},{"taxonomy":"post_tag","embeddable":true,"href":"https:\/\/zonaroja.com.mx\/index.php?rest_route=%2Fwp%2Fv2%2Ftags&post=89588"}],"curies":[{"name":"wp","href":"https:\/\/api.w.org\/{rel}","templated":true}]}}