{"id":89593,"date":"2026-01-29T13:00:00","date_gmt":"2026-01-29T19:00:00","guid":{"rendered":"https:\/\/zonaroja.com.mx\/?p=89593"},"modified":"2026-01-29T08:12:41","modified_gmt":"2026-01-29T14:12:41","slug":"habra-incentivos-fiscales-en-apoyo-a-comerciantes-de-mercados-publicos","status":"publish","type":"post","link":"https:\/\/zonaroja.com.mx\/?p=89593","title":{"rendered":"Habr\u00e1 incentivos fiscales en apoyo a comerciantes de mercados p\u00fablicos"},"content":{"rendered":"\n<p>Redacci\u00f3n\/Zona Roja.<\/p>\n\n\n\n<p>Oaxaca, Oax., a 29 de enero de 2026.\u2013 El Cabildo de Oaxaca de Ju\u00e1rez aprob\u00f3 un programa de incentivos fiscales en materia de mercados p\u00fablicos y comercio en v\u00eda p\u00fablica, como una medida de apoyo a las y los contribuyentes de este sector, aun cuando la Ley de Ingresos del ejercicio fiscal 2026 no contempla de manera general este tipo de est\u00edmulos.<\/p>\n\n\n\n<p>El programa establece descuentos escalonados durante los meses de febrero, marzo y abril en la actualizaci\u00f3n y el pago de derechos, as\u00ed como la condonaci\u00f3n del 100 por ciento de recargos y multas correspondientes a ejercicios fiscales anteriores.&nbsp;<\/p>\n\n\n\n<p>De manera especial, se consideran beneficios diferenciados para personas adultas mayores titulares de puestos, casetas o actividades dentro de los mercados p\u00fablicos, reconociendo su situaci\u00f3n y su aporte a la vida econ\u00f3mica de la ciudad.<\/p>\n\n\n\n<p>Se precis\u00f3 que los incentivos se aplicar\u00e1n de forma directa en las cajas recaudadoras municipales, por lo que las y los comerciantes no necesitan realizar tr\u00e1mites adicionales ni gestionar apoyos con funcionarios, con el objetivo de evitar intermediarios, posibles enga\u00f1os y garantizar transparencia en la aplicaci\u00f3n de los descuentos.<\/p>\n\n\n\n<p>Asimismo, se dej\u00f3 claro que los incentivos son aplicables \u00fanicamente a un puesto por contribuyente, no son acumulables con otros beneficios y no tienen efectos restitutorios, en apego a la normatividad municipal vigente.<\/p>\n\n\n\n<p>Con estas decisiones, el ayuntamiento de Oaxaca de Ju\u00e1rez que preside Ray Chagoya reafirma su compromiso de escuchar, ajustar y actuar desde el territorio, con acuerdos construidos de manera colegiada y en beneficio directo de quienes d\u00eda a d\u00eda contribuyen a la vida econ\u00f3mica y social de la ciudad.<\/p>\n","protected":false},"excerpt":{"rendered":"<p>Redacci\u00f3n\/Zona Roja. Oaxaca, Oax., a 29 de enero de 2026.\u2013 El Cabildo de Oaxaca de&hellip;<\/p>\n","protected":false},"author":2,"featured_media":89564,"comment_status":"closed","ping_status":"open","sticky":false,"template":"","format":"standard","meta":{"_lmt_disableupdate":"","_lmt_disable":"","_jetpack_memberships_contains_paid_content":false,"footnotes":""},"categories":[109,46],"tags":[148,4403],"class_list":["post-89593","post","type-post","status-publish","format-standard","has-post-thumbnail","hentry","category-minuto-a-minuto","category-zona-blanca","tag-oaxaca-de-juarez","tag-ray-chagoya"],"jetpack_featured_media_url":"https:\/\/zonaroja.com.mx\/wp-content\/uploads\/2026\/01\/Raymundo-Chagoya.jpg","jetpack_sharing_enabled":true,"_links":{"self":[{"href":"https:\/\/zonaroja.com.mx\/index.php?rest_route=\/wp\/v2\/posts\/89593","targetHints":{"allow":["GET"]}}],"collection":[{"href":"https:\/\/zonaroja.com.mx\/index.php?rest_route=\/wp\/v2\/posts"}],"about":[{"href":"https:\/\/zonaroja.com.mx\/index.php?rest_route=\/wp\/v2\/types\/post"}],"author":[{"embeddable":true,"href":"https:\/\/zonaroja.com.mx\/index.php?rest_route=\/wp\/v2\/users\/2"}],"replies":[{"embeddable":true,"href":"https:\/\/zonaroja.com.mx\/index.php?rest_route=%2Fwp%2Fv2%2Fcomments&post=89593"}],"version-history":[{"count":1,"href":"https:\/\/zonaroja.com.mx\/index.php?rest_route=\/wp\/v2\/posts\/89593\/revisions"}],"predecessor-version":[{"id":89594,"href":"https:\/\/zonaroja.com.mx\/index.php?rest_route=\/wp\/v2\/posts\/89593\/revisions\/89594"}],"wp:featuredmedia":[{"embeddable":true,"href":"https:\/\/zonaroja.com.mx\/index.php?rest_route=\/wp\/v2\/media\/89564"}],"wp:attachment":[{"href":"https:\/\/zonaroja.com.mx\/index.php?rest_route=%2Fwp%2Fv2%2Fmedia&parent=89593"}],"wp:term":[{"taxonomy":"category","embeddable":true,"href":"https:\/\/zonaroja.com.mx\/index.php?rest_route=%2Fwp%2Fv2%2Fcategories&post=89593"},{"taxonomy":"post_tag","embeddable":true,"href":"https:\/\/zonaroja.com.mx\/index.php?rest_route=%2Fwp%2Fv2%2Ftags&post=89593"}],"curies":[{"name":"wp","href":"https:\/\/api.w.org\/{rel}","templated":true}]}}