{"id":89595,"date":"2026-01-29T16:14:00","date_gmt":"2026-01-29T22:14:00","guid":{"rendered":"https:\/\/zonaroja.com.mx\/?p=89595"},"modified":"2026-01-29T21:36:40","modified_gmt":"2026-01-30T03:36:40","slug":"pueblos-mancomunados-futuro-turistico-de-oaxaca-saymi-pinda","status":"publish","type":"post","link":"https:\/\/zonaroja.com.mx\/?p=89595","title":{"rendered":"Pueblos Mancomunados, futuro tur\u00edstico de Oaxaca: Saymi Pineda"},"content":{"rendered":"\n<p>Redacci\u00f3n\/Zona Roja.<\/p>\n\n\n\n<p>Oaxaaca, Oax., a 29 de enero de 2026.- El Gobierno del Estado Oaxaca a trav\u00e9s de la Secretar\u00eda de Turismo (Sectur Oaxaca) que encabeza Saymi Pineda Velasco, realiz\u00f3 la entrega de equipamiento a Pueblos Mancomunados para fortalecer sus Centros ecotur\u00edsticos.&nbsp;<\/p>\n\n\n\n<p>Bajo la visi\u00f3n del Gobernador del Estado, Salom\u00f3n Jara Cruz, de proyectar el turismo comunitario, sustentable y como motor de desarrollo, se benefici\u00f3 a la comunidad de San Isidro Llano Grande, agencia del municipio de San Miguel Amatl\u00e1n.&nbsp;<\/p>\n\n\n\n<p>Asimismo a Benito Ju\u00e1rez, La Never\u00eda y Santa Martha Latuvi, comunidades del municipio de Santa Catarina Lachatao.<\/p>\n\n\n\n<p>En San Miguel Amatl\u00e1n, la secretaria de Turismo destac\u00f3 que, con una inversi\u00f3n superior a un mill\u00f3n de pesos, se equiparon con insumos para mejorar los servicios de hospedaje, as\u00ed como las experiencias de aventura y en contacto con la naturaleza.&nbsp;<\/p>\n\n\n\n<p>Pineda Velasco recalc\u00f3: \u00abSe busca mejorar la calidad de la experiencia del visitante, fortalecer los proyectos y generar mayores beneficios econ\u00f3micos directos para las familias\u00bb.<\/p>\n\n\n\n<p>Uno de los galardones que recibi\u00f3 M\u00e9xico en la pasada Feria Internacional de Turismo (Fitur) 2026, en Espa\u00f1a, fue precisamente para los Pueblos Mancomunados, quienes recibieron el premio Excelencias Tur\u00edsticas por su modelo de turismo comunitario ind\u00edgena.<\/p>\n","protected":false},"excerpt":{"rendered":"<p>Redacci\u00f3n\/Zona Roja. Oaxaaca, Oax., a 29 de enero de 2026.- El Gobierno del Estado Oaxaca&hellip;<\/p>\n","protected":false},"author":2,"featured_media":89596,"comment_status":"closed","ping_status":"open","sticky":false,"template":"","format":"standard","meta":{"_lmt_disableupdate":"","_lmt_disable":"","_jetpack_memberships_contains_paid_content":false,"footnotes":""},"categories":[109,46],"tags":[2714,1031],"class_list":["post-89595","post","type-post","status-publish","format-standard","has-post-thumbnail","hentry","category-minuto-a-minuto","category-zona-blanca","tag-saymi-pineda-velasco","tag-secretaria-de-turismo-oaxaca"],"jetpack_featured_media_url":"https:\/\/zonaroja.com.mx\/wp-content\/uploads\/2026\/01\/Sector-y-pueblos-ecoturismo.jpg","jetpack_sharing_enabled":true,"_links":{"self":[{"href":"https:\/\/zonaroja.com.mx\/index.php?rest_route=\/wp\/v2\/posts\/89595","targetHints":{"allow":["GET"]}}],"collection":[{"href":"https:\/\/zonaroja.com.mx\/index.php?rest_route=\/wp\/v2\/posts"}],"about":[{"href":"https:\/\/zonaroja.com.mx\/index.php?rest_route=\/wp\/v2\/types\/post"}],"author":[{"embeddable":true,"href":"https:\/\/zonaroja.com.mx\/index.php?rest_route=\/wp\/v2\/users\/2"}],"replies":[{"embeddable":true,"href":"https:\/\/zonaroja.com.mx\/index.php?rest_route=%2Fwp%2Fv2%2Fcomments&post=89595"}],"version-history":[{"count":2,"href":"https:\/\/zonaroja.com.mx\/index.php?rest_route=\/wp\/v2\/posts\/89595\/revisions"}],"predecessor-version":[{"id":89611,"href":"https:\/\/zonaroja.com.mx\/index.php?rest_route=\/wp\/v2\/posts\/89595\/revisions\/89611"}],"wp:featuredmedia":[{"embeddable":true,"href":"https:\/\/zonaroja.com.mx\/index.php?rest_route=\/wp\/v2\/media\/89596"}],"wp:attachment":[{"href":"https:\/\/zonaroja.com.mx\/index.php?rest_route=%2Fwp%2Fv2%2Fmedia&parent=89595"}],"wp:term":[{"taxonomy":"category","embeddable":true,"href":"https:\/\/zonaroja.com.mx\/index.php?rest_route=%2Fwp%2Fv2%2Fcategories&post=89595"},{"taxonomy":"post_tag","embeddable":true,"href":"https:\/\/zonaroja.com.mx\/index.php?rest_route=%2Fwp%2Fv2%2Ftags&post=89595"}],"curies":[{"name":"wp","href":"https:\/\/api.w.org\/{rel}","templated":true}]}}