{"id":89598,"date":"2026-01-29T14:23:00","date_gmt":"2026-01-29T20:23:00","guid":{"rendered":"https:\/\/zonaroja.com.mx\/?p=89598"},"modified":"2026-01-29T08:24:18","modified_gmt":"2026-01-29T14:24:18","slug":"respalda-senador-por-oaxaca-hallazgos-de-la-fgr-sobre-tren-interoceanico","status":"publish","type":"post","link":"https:\/\/zonaroja.com.mx\/?p=89598","title":{"rendered":"Respalda senador por Oaxaca hallazgos de la FGR sobre Tren Interoce\u00e1nico\u00a0"},"content":{"rendered":"\n<p>Redacci\u00f3n\/Zona Roja.<\/p>\n\n\n\n<p>Oaxaca, Oax., a 29 de enero de 2026.- El senador por Oaxaca, Antonino Morales Toledo, presidente de la Comisi\u00f3n Especial de Seguimiento e Impulso al Corredor Interoce\u00e1nico del Istmo de Tehuantepec, respald\u00f3 enf\u00e1ticamente los resultados preliminares presentados por la Fiscal\u00eda General de la Rep\u00fablica (FGR) sobre el accidente ferroviario ocurrido el pasado 28 de diciembre de 2025 en Nizanda, Oaxaca.<\/p>\n\n\n\n<p>Los datos t\u00e9cnicos e imparciales de la investigaci\u00f3n, basados en el an\u00e1lisis de la caja negra y peritajes exhaustivos, son contundentes: la causa del siniestro fue el exceso de velocidad operativa.&nbsp;<\/p>\n\n\n\n<p>La FGR ha confirmado que el tren circulaba a 65 kil\u00f3metros por hora en una curva donde el l\u00edmite m\u00e1ximo era de 50 km\/h. Asimismo, las inspecciones realizadas no encontraron da\u00f1os en los rieles, la balasta u otros componentes de la infraestructura ferroviaria distintos a los propios del impacto.&nbsp;<\/p>\n\n\n\n<p>Tampoco se hallaron fallas mec\u00e1nicas en las ruedas, sistemas de acople o frenos del convoy.<\/p>\n\n\n\n<p>\u201cEstos hallazgos despejan cualquier sombra de duda interesada sobre la calidad y seguridad de la obra f\u00edsica del Corredor\u201d, afirm\u00f3 el Senador Morales Toledo. \u201cLa investigaci\u00f3n, transparente y expedita demuestra que la infraestructura construida y el material rodante se encontraban en perfecto estado y operaci\u00f3n. Ante los hechos, cualquier acusaci\u00f3n de negligencia en la construcci\u00f3n carece de sustento y busca politizar una tragedia que debe unirnos en la b\u00fasqueda de la justicia\u201d.<\/p>\n\n\n\n<p>El legislador zapoteco destac\u00f3 que, desde el primer momento, la presidenta Claudia Sheinbaum Pardo estableci\u00f3 como prioridad absoluta la atenci\u00f3n a las v\u00edctimas y sus familias, garantizando una investigaci\u00f3n exhaustiva y una reparaci\u00f3n integral del da\u00f1o.&nbsp;<\/p>\n\n\n\n<p>\u201cComo lo ha reiterado nuestra presidenta, el compromiso del gobierno de M\u00e9xico es con la verdad, la transparencia, la no repetici\u00f3n, el acceso a la justicia y una reparaci\u00f3n que incluya apoyo m\u00e9dico, psicol\u00f3gico, jur\u00eddico y econ\u00f3mico, conforme a los m\u00e1s altos est\u00e1ndares internacionales\u201d.<\/p>\n\n\n\n<p>\u201cRatificamos nuestra confianza en el trabajo de la FGR para que se sigan todos los procesos y se finquen las responsabilidades que marque la ley\u201d, a\u00f1adi\u00f3 Nino Morales.<\/p>\n\n\n\n<p>\u201cEste doloroso evento no detendr\u00e1 un proyecto estrat\u00e9gico para el desarrollo del sur-sureste y para M\u00e9xico. Por el contrario, nos obliga a reforzar los m\u00e1s altos est\u00e1ndares.&nbsp;<\/p>\n\n\n\n<p>Por instrucci\u00f3n de la presidenta Sheinbaum, ya se gestiona la certificaci\u00f3n internacional de v\u00edas y convoyes para blindar la seguridad operativa de este corredor log\u00edstico, clave para el Plan M\u00e9xico y la consolidaci\u00f3n de nuestro pa\u00eds como un actor protag\u00f3nico en el comercio mundial\u201d, puntualiz\u00f3 Morales Toledo.<\/p>\n","protected":false},"excerpt":{"rendered":"<p>Redacci\u00f3n\/Zona Roja. Oaxaca, Oax., a 29 de enero de 2026.- El senador por Oaxaca, Antonino&hellip;<\/p>\n","protected":false},"author":2,"featured_media":79006,"comment_status":"closed","ping_status":"open","sticky":false,"template":"","format":"standard","meta":{"_lmt_disableupdate":"","_lmt_disable":"","_jetpack_memberships_contains_paid_content":false,"footnotes":""},"categories":[1],"tags":[],"class_list":["post-89598","post","type-post","status-publish","format-standard","has-post-thumbnail","hentry","category-sin-categoria"],"jetpack_featured_media_url":"https:\/\/zonaroja.com.mx\/wp-content\/uploads\/2025\/04\/Antonino-Morales-Toledo.jpg","jetpack_sharing_enabled":true,"_links":{"self":[{"href":"https:\/\/zonaroja.com.mx\/index.php?rest_route=\/wp\/v2\/posts\/89598","targetHints":{"allow":["GET"]}}],"collection":[{"href":"https:\/\/zonaroja.com.mx\/index.php?rest_route=\/wp\/v2\/posts"}],"about":[{"href":"https:\/\/zonaroja.com.mx\/index.php?rest_route=\/wp\/v2\/types\/post"}],"author":[{"embeddable":true,"href":"https:\/\/zonaroja.com.mx\/index.php?rest_route=\/wp\/v2\/users\/2"}],"replies":[{"embeddable":true,"href":"https:\/\/zonaroja.com.mx\/index.php?rest_route=%2Fwp%2Fv2%2Fcomments&post=89598"}],"version-history":[{"count":1,"href":"https:\/\/zonaroja.com.mx\/index.php?rest_route=\/wp\/v2\/posts\/89598\/revisions"}],"predecessor-version":[{"id":89599,"href":"https:\/\/zonaroja.com.mx\/index.php?rest_route=\/wp\/v2\/posts\/89598\/revisions\/89599"}],"wp:featuredmedia":[{"embeddable":true,"href":"https:\/\/zonaroja.com.mx\/index.php?rest_route=\/wp\/v2\/media\/79006"}],"wp:attachment":[{"href":"https:\/\/zonaroja.com.mx\/index.php?rest_route=%2Fwp%2Fv2%2Fmedia&parent=89598"}],"wp:term":[{"taxonomy":"category","embeddable":true,"href":"https:\/\/zonaroja.com.mx\/index.php?rest_route=%2Fwp%2Fv2%2Fcategories&post=89598"},{"taxonomy":"post_tag","embeddable":true,"href":"https:\/\/zonaroja.com.mx\/index.php?rest_route=%2Fwp%2Fv2%2Ftags&post=89598"}],"curies":[{"name":"wp","href":"https:\/\/api.w.org\/{rel}","templated":true}]}}