{"id":8960,"date":"2020-02-19T18:07:00","date_gmt":"2020-02-20T00:07:00","guid":{"rendered":"http:\/\/www.zonaroja.com.mx\/?p=8960"},"modified":"2020-02-19T18:07:03","modified_gmt":"2020-02-20T00:07:03","slug":"de-multipremiada-carrera-profesional-divulgador-cientifico-y-altruista-a-acusado-de-espionaje","status":"publish","type":"post","link":"https:\/\/zonaroja.com.mx\/?p=8960","title":{"rendered":"De multipremiada carrera profesional, divulgador cient\u00edfico y altruista, a acusado de espionaje"},"content":{"rendered":"\n<p>Yuridiana Sosa\/Zona Roja.<\/p>\n\n\n\n<p>Oaxaca de Ju\u00e1rez, Oax., 19 de febrero\nde 2020.- El oaxaque\u00f1o, originario de El Espinal, H\u00e9ctor Alejandro Cabrera\nFuentes, quien fue detenido ayer en Estados Unidos acusado de espionaje a favor\nde Rusia, tiene una larga carrera profesional y como cient\u00edfico realiz\u00f3\nimportantes avances en materia de salud.<\/p>\n\n\n\n<p>El doctor en Bioqu\u00edmica y Microbiolog\u00eda\npor la Universidad de Kazan, y en Biolog\u00eda Humana por la Universidad Giessen en\nAlemania, desarroll\u00f3 un sistema que ayuda a la prevenci\u00f3n de infartos cardiacos\no cerebrales.<\/p>\n\n\n\n<p>Cabrera Fuentes fue reconocido en\ndiciembre del 2016 como \u201cMejor investigador joven en ciencias b\u00e1sicas y\ntraslacionales\u201d en Busan, Corea del Sur, as\u00ed como recibi\u00f3 el premio Servier en\nBuenos Aires, Argentina, por la Sociedad Internacional para la Investigaci\u00f3n\ndel Coraz\u00f3n.<\/p>\n\n\n\n<p>El oaxaque\u00f1o ha liderado distintos\ngrupos de investigaci\u00f3n. Fung\u00eda como jefe de cient\u00edficos en los pa\u00edses de\nRusia, en Alemania y Singapur, donde ten\u00eda su domicilio vigente hasta el d\u00eda de\nsu detenci\u00f3n el pasado 16 de febrero.<\/p>\n\n\n\n<p>En Singapur se desempe\u00f1aba como\ninvestigador en la Universidad Nacional y del Instituto Nacional de\nCardiolog\u00eda.<\/p>\n\n\n\n<p>En enero de 2018, la Fundaci\u00f3n Von\nBehring-R\u00f6ntgen otorg\u00f3 al equipo que encabeza H\u00e9ctor Cabrera 300 mil euros\ndurante dos a\u00f1os para apoyar el proyecto para hacer un estudio cl\u00ednico en\npacientes que ingresen a los hospitales universitarios de Giessen, Frankfurt,\nMunich, Marburg y Hannover.<\/p>\n\n\n\n<p>Como presidente de la Red Global MX,\ncap\u00edtulo Singapur, Cabrera Fuentes lider\u00f3 la entrega de la primera vivienda\nantis\u00edsmica construida en la regi\u00f3n del Istmo de Tehuantepec por las\nafectaciones de los sismos de septiembre de 2017.<\/p>\n\n\n\n<p>En febrero de 2019, en su calidad de\ndirector del Centro de Centro de Biotecnolog\u00eda-Femsa del Instituto Tecnol\u00f3gico\nde Monterrey, Cabrera Fuentes se reuni\u00f3 en Palacio Nacional con autoridades\nestatales y federales encargadas en el proceso de detonar las Zonas Econ\u00f3micas\nen Palacio Nacional.<\/p>\n\n\n\n<p>El cient\u00edfico expuso en su momento que\nen esa reuni\u00f3n se estableci\u00f3 que el Centro Multidisciplinario tendr\u00e1 espacios\ndedicados al estudio de la salud y biotecnolog\u00eda; Geof\u00edsica para el estudio de\nsismos; un \u00e1rea para el bienestar social; log\u00edstica y energ\u00edas renovables.<\/p>\n\n\n\n<p>Entre otras investigaciones m\u00e9dicas por\nel oaxaque\u00f1o sobresale la creaci\u00f3n de un tratamiento para la regeneraci\u00f3n de\ntejidos de la piel; dichos trabajos, liderados por H\u00e9ctor Cabrera Fuentes, se\nrealizaron trav\u00e9s del Centro de Biotecnolog\u00eda-Femsa del Instituto Tecnol\u00f3gico y\nEstudios Superiores de Monterrey.<\/p>\n","protected":false},"excerpt":{"rendered":"<p>Yuridiana Sosa\/Zona Roja. Oaxaca de Ju\u00e1rez, Oax., 19 de febrero de 2020.- El oaxaque\u00f1o, originario&hellip;<\/p>\n","protected":false},"author":2,"featured_media":8961,"comment_status":"closed","ping_status":"open","sticky":false,"template":"","format":"standard","meta":{"_lmt_disableupdate":"","_lmt_disable":"","_jetpack_memberships_contains_paid_content":false,"footnotes":""},"categories":[109,47],"tags":[1392],"class_list":["post-8960","post","type-post","status-publish","format-standard","has-post-thumbnail","hentry","category-minuto-a-minuto","category-zona-gris","tag-hector-alejandro-cabrera-fuentes"],"jetpack_featured_media_url":"https:\/\/zonaroja.com.mx\/wp-content\/uploads\/2020\/02\/H\u00e9ctor-Cabrera-Fuentes2.jpg","jetpack_sharing_enabled":true,"_links":{"self":[{"href":"https:\/\/zonaroja.com.mx\/index.php?rest_route=\/wp\/v2\/posts\/8960","targetHints":{"allow":["GET"]}}],"collection":[{"href":"https:\/\/zonaroja.com.mx\/index.php?rest_route=\/wp\/v2\/posts"}],"about":[{"href":"https:\/\/zonaroja.com.mx\/index.php?rest_route=\/wp\/v2\/types\/post"}],"author":[{"embeddable":true,"href":"https:\/\/zonaroja.com.mx\/index.php?rest_route=\/wp\/v2\/users\/2"}],"replies":[{"embeddable":true,"href":"https:\/\/zonaroja.com.mx\/index.php?rest_route=%2Fwp%2Fv2%2Fcomments&post=8960"}],"version-history":[{"count":1,"href":"https:\/\/zonaroja.com.mx\/index.php?rest_route=\/wp\/v2\/posts\/8960\/revisions"}],"predecessor-version":[{"id":8962,"href":"https:\/\/zonaroja.com.mx\/index.php?rest_route=\/wp\/v2\/posts\/8960\/revisions\/8962"}],"wp:featuredmedia":[{"embeddable":true,"href":"https:\/\/zonaroja.com.mx\/index.php?rest_route=\/wp\/v2\/media\/8961"}],"wp:attachment":[{"href":"https:\/\/zonaroja.com.mx\/index.php?rest_route=%2Fwp%2Fv2%2Fmedia&parent=8960"}],"wp:term":[{"taxonomy":"category","embeddable":true,"href":"https:\/\/zonaroja.com.mx\/index.php?rest_route=%2Fwp%2Fv2%2Fcategories&post=8960"},{"taxonomy":"post_tag","embeddable":true,"href":"https:\/\/zonaroja.com.mx\/index.php?rest_route=%2Fwp%2Fv2%2Ftags&post=8960"}],"curies":[{"name":"wp","href":"https:\/\/api.w.org\/{rel}","templated":true}]}}