{"id":89600,"date":"2026-01-29T17:45:36","date_gmt":"2026-01-29T23:45:36","guid":{"rendered":"https:\/\/zonaroja.com.mx\/?p=89600"},"modified":"2026-01-29T17:45:36","modified_gmt":"2026-01-29T23:45:36","slug":"tras-regreso-a-clases-arranca-la-seccion-22-jornada-de-movilizaciones","status":"publish","type":"post","link":"https:\/\/zonaroja.com.mx\/?p=89600","title":{"rendered":"Tras regreso a clases, arranca la Secci\u00f3n 22 jornada de movilizaciones"},"content":{"rendered":"\n<p>Lisbeth Mej\u00eda Reyes\/Zona Roja.&nbsp;Foto: archivo. <\/p>\n\n\n\n<p>Oaxaca, Oax., a 29 de enero de 2026.- La Secci\u00f3n 22 del Sindicato Nacional de Trabajadores de la Educaci\u00f3n (SNTE), retomar\u00e1 este 30 de enero sus protestas con una marcha masiva regional en Ciudad Ixtepec, en el Istmo de Tehuantepec.&nbsp;<\/p>\n\n\n\n<p>El trayecto ser\u00e1 de la sede de la Universidad Pedag\u00f3gica Nacional (UPN) hacia el parque \u201cMiguel Hidalgo\u201d.<\/p>\n\n\n\n<p>Seg\u00fan la convocatoria, la movilizaci\u00f3n es \u00abpor la seguridad del MDTEO (Movimiento Democr\u00e1tico de Trabajadores de la Educaci\u00f3n de Oaxaca)\u00bb.&nbsp;<\/p>\n\n\n\n<p>Aunque tambi\u00e9n se da tras las denuncias de presunto cobro de piso en contra de una escuela en Ixtepec.<\/p>\n\n\n\n<p>Adem\u00e1s de esta marcha, el pr\u00f3ximo 3 de febrero iniciar\u00e1 un paro de labores indefinido por parte de docentes del nivel de Educaci\u00f3n F\u00edsica, para lo cual han convocado a una concentraci\u00f3n en las instalaciones de la Direcci\u00f3n Estatal de Educaci\u00f3n F\u00edsica, en la capital oaxaque\u00f1a.<\/p>\n\n\n\n<p>La protesta y paro de labores ocurren luego de su pronunciamiento del pasado 24 de enero, en el que calific\u00f3 el proceso de Revocaci\u00f3n de Mandato como una simulaci\u00f3n pol\u00edtica, critic\u00f3 al gobierno de Salom\u00f3n Jara Cruz por incumplir sus propias metas y por contribuir al estancamiento social, adem\u00e1s de que en sus administraci\u00f3n persisten la corrupci\u00f3n y el nepotismo.<\/p>\n\n\n\n<p>Antes de estas movilizaciones del nivel de Educaci\u00f3n F\u00edsica y de la regi\u00f3n Istmo, un grupo de Personal de Apoyo y Asistencia a la Educaci\u00f3n (PAAE) se manifest\u00f3 este mi\u00e9rcoles en la colonia Reforma, ciudad de Oaxaca.&nbsp;<\/p>\n\n\n\n<p>Durante varias horas, el grupo inconforme bloque\u00f3 la calle Emilio Carranza, esquina con Fuerza A\u00e9rea Mexicana, para denunciar incumplimientos del Instituto Estatal de Educaci\u00f3n P\u00fablica de Oaxaca (IEEPO).<\/p>\n\n\n\n<p>En medio de las convocatorias para las movilizaciones de las y los docentes, los estudiantes normalistas tambi\u00e9n han emprendido sus protestas.&nbsp;<\/p>\n\n\n\n<p>Por ejemplo, esta semana mantienen \u201ctomada\u201d la Escuela Normal de Educaci\u00f3n Preescolar (ENEPO), en Santa Cruz Xoxocotl\u00e1n.<\/p>\n\n\n\n<p>Adem\u00e1s que desde el lunes se han apoderado de camiones de pasajeros y de empresas de alimentos; el martes se manifestaron en la caseta de peaje Huitzo de la supercarretera Oaxaca-Cuacnopalan.&nbsp;<\/p>\n","protected":false},"excerpt":{"rendered":"<p>Lisbeth Mej\u00eda Reyes\/Zona Roja.&nbsp;Foto: archivo. Oaxaca, Oax., a 29 de enero de 2026.- La Secci\u00f3n&hellip;<\/p>\n","protected":false},"author":2,"featured_media":84170,"comment_status":"closed","ping_status":"open","sticky":false,"template":"","format":"standard","meta":{"_lmt_disableupdate":"","_lmt_disable":"","_jetpack_memberships_contains_paid_content":false,"footnotes":""},"categories":[109,47],"tags":[312],"class_list":["post-89600","post","type-post","status-publish","format-standard","has-post-thumbnail","hentry","category-minuto-a-minuto","category-zona-gris","tag-seccion-22-del-snte"],"jetpack_featured_media_url":"https:\/\/zonaroja.com.mx\/wp-content\/uploads\/2025\/09\/Marcha-Seccion-22.jpg","jetpack_sharing_enabled":true,"_links":{"self":[{"href":"https:\/\/zonaroja.com.mx\/index.php?rest_route=\/wp\/v2\/posts\/89600","targetHints":{"allow":["GET"]}}],"collection":[{"href":"https:\/\/zonaroja.com.mx\/index.php?rest_route=\/wp\/v2\/posts"}],"about":[{"href":"https:\/\/zonaroja.com.mx\/index.php?rest_route=\/wp\/v2\/types\/post"}],"author":[{"embeddable":true,"href":"https:\/\/zonaroja.com.mx\/index.php?rest_route=\/wp\/v2\/users\/2"}],"replies":[{"embeddable":true,"href":"https:\/\/zonaroja.com.mx\/index.php?rest_route=%2Fwp%2Fv2%2Fcomments&post=89600"}],"version-history":[{"count":1,"href":"https:\/\/zonaroja.com.mx\/index.php?rest_route=\/wp\/v2\/posts\/89600\/revisions"}],"predecessor-version":[{"id":89601,"href":"https:\/\/zonaroja.com.mx\/index.php?rest_route=\/wp\/v2\/posts\/89600\/revisions\/89601"}],"wp:featuredmedia":[{"embeddable":true,"href":"https:\/\/zonaroja.com.mx\/index.php?rest_route=\/wp\/v2\/media\/84170"}],"wp:attachment":[{"href":"https:\/\/zonaroja.com.mx\/index.php?rest_route=%2Fwp%2Fv2%2Fmedia&parent=89600"}],"wp:term":[{"taxonomy":"category","embeddable":true,"href":"https:\/\/zonaroja.com.mx\/index.php?rest_route=%2Fwp%2Fv2%2Fcategories&post=89600"},{"taxonomy":"post_tag","embeddable":true,"href":"https:\/\/zonaroja.com.mx\/index.php?rest_route=%2Fwp%2Fv2%2Ftags&post=89600"}],"curies":[{"name":"wp","href":"https:\/\/api.w.org\/{rel}","templated":true}]}}