{"id":89602,"date":"2026-01-29T19:37:43","date_gmt":"2026-01-30T01:37:43","guid":{"rendered":"https:\/\/zonaroja.com.mx\/?p=89602"},"modified":"2026-01-29T19:37:45","modified_gmt":"2026-01-30T01:37:45","slug":"incendio-en-comunidad-de-la-costa-de-oaxaca-deja-dos-personas-fallecidas","status":"publish","type":"post","link":"https:\/\/zonaroja.com.mx\/?p=89602","title":{"rendered":"Incendio en comunidad de la Costa de Oaxaca deja dos personas fallecidas"},"content":{"rendered":"\n<p>Redacci\u00f3n\/Zona Roja.&nbsp;<\/p>\n\n\n\n<p>Oaxaca, Oax., a 29 de enero de 2026.- La Coordinaci\u00f3n Estatal de Protecci\u00f3n Civil y Gesti\u00f3n de Riesgos (CEPCyGR) informa que la tarde de este jueves se registr\u00f3 un incendio urbano en un predio ubicado en el fraccionamiento Miramar, localidad de Barra de Copalita, municipio de San Miguel del Puerto, que dej\u00f3 un saldo de dos personas fallecidas.<\/p>\n\n\n\n<p>El incidente ocurri\u00f3 mientras se realizaban labores de limpieza de un terreno con fuego, el cual se sali\u00f3 de control. Personal de esta dependencia acudi\u00f3 de inmediato al lugar y asegur\u00f3 el \u00e1rea afectada en coordinaci\u00f3n con la autoridad municipal, ah\u00ed hallaron los restos de un hombre y una mujer.<\/p>\n\n\n\n<p>La CEPCyGR exhorta a la poblaci\u00f3n evitar el uso de fuego para limpiar terrenos o \u00e1reas de riesgo sin las medidas de seguridad necesarias.<\/p>\n","protected":false},"excerpt":{"rendered":"<p>Redacci\u00f3n\/Zona Roja.&nbsp; Oaxaca, Oax., a 29 de enero de 2026.- La Coordinaci\u00f3n Estatal de Protecci\u00f3n&hellip;<\/p>\n","protected":false},"author":2,"featured_media":89603,"comment_status":"closed","ping_status":"open","sticky":false,"template":"","format":"standard","meta":{"_lmt_disableupdate":"","_lmt_disable":"","_jetpack_memberships_contains_paid_content":false,"footnotes":""},"categories":[109,47],"tags":[2033],"class_list":["post-89602","post","type-post","status-publish","format-standard","has-post-thumbnail","hentry","category-minuto-a-minuto","category-zona-gris","tag-san-miguel-del-puerto"],"jetpack_featured_media_url":"https:\/\/zonaroja.com.mx\/wp-content\/uploads\/2026\/01\/Incendio-san-Miguel-del-puerto-barra-de-copalita.jpg","jetpack_sharing_enabled":true,"_links":{"self":[{"href":"https:\/\/zonaroja.com.mx\/index.php?rest_route=\/wp\/v2\/posts\/89602","targetHints":{"allow":["GET"]}}],"collection":[{"href":"https:\/\/zonaroja.com.mx\/index.php?rest_route=\/wp\/v2\/posts"}],"about":[{"href":"https:\/\/zonaroja.com.mx\/index.php?rest_route=\/wp\/v2\/types\/post"}],"author":[{"embeddable":true,"href":"https:\/\/zonaroja.com.mx\/index.php?rest_route=\/wp\/v2\/users\/2"}],"replies":[{"embeddable":true,"href":"https:\/\/zonaroja.com.mx\/index.php?rest_route=%2Fwp%2Fv2%2Fcomments&post=89602"}],"version-history":[{"count":1,"href":"https:\/\/zonaroja.com.mx\/index.php?rest_route=\/wp\/v2\/posts\/89602\/revisions"}],"predecessor-version":[{"id":89604,"href":"https:\/\/zonaroja.com.mx\/index.php?rest_route=\/wp\/v2\/posts\/89602\/revisions\/89604"}],"wp:featuredmedia":[{"embeddable":true,"href":"https:\/\/zonaroja.com.mx\/index.php?rest_route=\/wp\/v2\/media\/89603"}],"wp:attachment":[{"href":"https:\/\/zonaroja.com.mx\/index.php?rest_route=%2Fwp%2Fv2%2Fmedia&parent=89602"}],"wp:term":[{"taxonomy":"category","embeddable":true,"href":"https:\/\/zonaroja.com.mx\/index.php?rest_route=%2Fwp%2Fv2%2Fcategories&post=89602"},{"taxonomy":"post_tag","embeddable":true,"href":"https:\/\/zonaroja.com.mx\/index.php?rest_route=%2Fwp%2Fv2%2Ftags&post=89602"}],"curies":[{"name":"wp","href":"https:\/\/api.w.org\/{rel}","templated":true}]}}