{"id":89605,"date":"2026-01-29T20:42:10","date_gmt":"2026-01-30T02:42:10","guid":{"rendered":"https:\/\/zonaroja.com.mx\/?p=89605"},"modified":"2026-01-29T20:42:13","modified_gmt":"2026-01-30T02:42:13","slug":"un-oaxaqueno-entre-los-14-desaparecidos-en-sinaloa-urgen-busqueda","status":"publish","type":"post","link":"https:\/\/zonaroja.com.mx\/?p=89605","title":{"rendered":"Un oaxaque\u00f1o, entre los 14 desaparecidos en Sinaloa; urgen b\u00fasqueda"},"content":{"rendered":"\n<p>Ismael Garc\u00eda M.\/Zona Roja.<\/p>\n\n\n\n<p>Oaxaca, Oax., a 29 de enero de 2026.- Un oaxaque\u00f1o, originario de la Heroica Ciudad de Tlaxiaco, es uno de los 14 desaparecidos en el municipio de La Concordia, estado de Sinaloa.<\/p>\n\n\n\n<p>Se trata del ingeniero civil Pablo Osorio S\u00e1nchez, de 26 a\u00f1os de edad, quien fue desaparecido el pasado 23 de enero.<\/p>\n\n\n\n<p>Por ello, el Centro de Derechos Humanos y Asesor\u00eda a Pueblos Ind\u00edgenas (Cedhapi) demand\u00f3 al Comit\u00e9 Contra la Desaparici\u00f3n Forzada de la ONU, Acci\u00f3n Urgente y a la Comisi\u00f3n Interamericana de Derechos Humanos la medida cautelar por la desaparici\u00f3n forzada del oaxaque\u00f1o.<\/p>\n\n\n\n<p>En un comunicado, el organismo civil y la se\u00f1ora Socorro Osorio S\u00e1nchez<\/p>\n\n\n\n<p>madre de Pablo, as\u00ed como Jorge Jim\u00e9nez Osorio, hermano del desaparecido, urgieron la localizaci\u00f3n del ingeniero oaxaque\u00f1o.<\/p>\n\n\n\n<p>La desaparici\u00f3n ocurri\u00f3 en el momento en que se encontraba en la parada de camiones ubicada en carretera Villa Fuente Durango, La Concordia, Sinaloa; simult\u00e1neamente 13 personas m\u00e1s fueron desaparecidas y que trabajan en las empresas Cicar S. A. de C. V. y la empresa minera canadiense Vizsla Silver Corp.&nbsp;<\/p>\n\n\n\n<p>El ingeniero civil Pablo Osorio S\u00e1nchez es egresado del Instituto Tecnol\u00f3gico de Tlaxiaco y dicha instituci\u00f3n como parte de su culminaci\u00f3n de la carrera, lo envi\u00f3 a realizar su residencia en la empresa Cicar S. A. de C. V., con sede en el estado de Puebla.<\/p>\n\n\n\n<p>Esta empresa, como parte de sus actividades, lo env\u00eda a trabajar en el mes de junio del 2025 al municipio de La Concordia, Sinaloa a 40 minutos de Mazatl\u00e1n Sinaloa, como supervisor de t\u00faneles del kil\u00f3metro 161 al kil\u00f3metro 188 autopista &nbsp;a Durango.<\/p>\n\n\n\n<p>Por ello, la familia del joven y el Cedhapi solicitan:&nbsp;<\/p>\n\n\n\n<p>1.- Medidas cautelares a la Comisi\u00f3n Interamericana de Derechos Humanos (CIDH), a fin de garantizar la protecci\u00f3n de la vida e integridad personal de Pablo Osorio S\u00e1nchez y de las dem\u00e1s personas desaparecidas.<\/p>\n\n\n\n<p>2.- Acci\u00f3n Urgente al Comit\u00e9 contra la Desaparici\u00f3n Forzada de la ONU (CED), para que el Estado mexicano cumpla con su obligaci\u00f3n internacional de b\u00fasqueda inmediata y efectiva, as\u00ed como de protecci\u00f3n integral a las v\u00edctimas y sus familias.<\/p>\n\n\n\n<p>\u201cEs importante se\u00f1alar que los familiares de Pablo Osorio S\u00e1nchez han sido objeto de malos tratos y negligencia institucional. Desde el momento en que se tuvo conocimiento de la desaparici\u00f3n, acudieron a la Fiscal\u00eda de Tlaxiaco, Oaxaca, donde el personal en turno se neg\u00f3 a recibir la denuncia, oblig\u00e1ndolos a esperar m\u00e1s de 24 horas para ser atendidos.<\/p>\n\n\n\n<p>\u201cRecordamos que, conforme a la legislaci\u00f3n mexicana y a los est\u00e1ndares internacionales, toda Fiscal\u00eda en la Rep\u00fablica est\u00e1 obligada a recibir de inmediato las denuncias por desaparici\u00f3n forzada, sin excusas ni dilaciones.<\/p>\n\n\n\n<p>\u201cAsimismo, denunciamos que en la Fiscal\u00eda General del Estado de Oaxaca son recurrentes los actos de revictimizaci\u00f3n y maltrato hacia familiares de personas desaparecidas, lo que constituye una violaci\u00f3n sistem\u00e1tica al derecho de acceso a la justicia\u201d, expusieron.<\/p>\n","protected":false},"excerpt":{"rendered":"<p>Ismael Garc\u00eda M.\/Zona Roja. Oaxaca, Oax., a 29 de enero de 2026.- Un oaxaque\u00f1o, originario&hellip;<\/p>\n","protected":false},"author":2,"featured_media":89606,"comment_status":"closed","ping_status":"open","sticky":false,"template":"","format":"standard","meta":{"_lmt_disableupdate":"","_lmt_disable":"","_jetpack_memberships_contains_paid_content":false,"footnotes":""},"categories":[109,47],"tags":[643,4650],"class_list":["post-89605","post","type-post","status-publish","format-standard","has-post-thumbnail","hentry","category-minuto-a-minuto","category-zona-gris","tag-heroica-ciudad-de-tlaxiaco","tag-pablo-osorio-sanchez"],"jetpack_featured_media_url":"https:\/\/zonaroja.com.mx\/wp-content\/uploads\/2026\/01\/Pablo-Osorio-Sanchez-Tlaxiaco-desaparecido-Sinaloa.jpg","jetpack_sharing_enabled":true,"_links":{"self":[{"href":"https:\/\/zonaroja.com.mx\/index.php?rest_route=\/wp\/v2\/posts\/89605","targetHints":{"allow":["GET"]}}],"collection":[{"href":"https:\/\/zonaroja.com.mx\/index.php?rest_route=\/wp\/v2\/posts"}],"about":[{"href":"https:\/\/zonaroja.com.mx\/index.php?rest_route=\/wp\/v2\/types\/post"}],"author":[{"embeddable":true,"href":"https:\/\/zonaroja.com.mx\/index.php?rest_route=\/wp\/v2\/users\/2"}],"replies":[{"embeddable":true,"href":"https:\/\/zonaroja.com.mx\/index.php?rest_route=%2Fwp%2Fv2%2Fcomments&post=89605"}],"version-history":[{"count":1,"href":"https:\/\/zonaroja.com.mx\/index.php?rest_route=\/wp\/v2\/posts\/89605\/revisions"}],"predecessor-version":[{"id":89607,"href":"https:\/\/zonaroja.com.mx\/index.php?rest_route=\/wp\/v2\/posts\/89605\/revisions\/89607"}],"wp:featuredmedia":[{"embeddable":true,"href":"https:\/\/zonaroja.com.mx\/index.php?rest_route=\/wp\/v2\/media\/89606"}],"wp:attachment":[{"href":"https:\/\/zonaroja.com.mx\/index.php?rest_route=%2Fwp%2Fv2%2Fmedia&parent=89605"}],"wp:term":[{"taxonomy":"category","embeddable":true,"href":"https:\/\/zonaroja.com.mx\/index.php?rest_route=%2Fwp%2Fv2%2Fcategories&post=89605"},{"taxonomy":"post_tag","embeddable":true,"href":"https:\/\/zonaroja.com.mx\/index.php?rest_route=%2Fwp%2Fv2%2Ftags&post=89605"}],"curies":[{"name":"wp","href":"https:\/\/api.w.org\/{rel}","templated":true}]}}