{"id":8963,"date":"2020-02-19T19:47:54","date_gmt":"2020-02-20T01:47:54","guid":{"rendered":"http:\/\/www.zonaroja.com.mx\/?p=8963"},"modified":"2020-02-19T19:47:57","modified_gmt":"2020-02-20T01:47:57","slug":"cinco-meses-maria-elena-y-la-justicia-que-no-llega-la-impunidad-sigue","status":"publish","type":"post","link":"https:\/\/zonaroja.com.mx\/?p=8963","title":{"rendered":"Cinco meses: Mar\u00eda Elena y la justicia que no llega; la impunidad sigue"},"content":{"rendered":"\n<p>Evlin Arag\u00f3n\/Zona Roja.<\/p>\n\n\n\n<p>Oaxaca de Ju\u00e1rez, Oax., 19 de febrero\nde 2020.- El pasado 19 de septiembre circulaba en grupos WhatsApp -de\nemergencia e informaci\u00f3n- el ataque con \u00e1cido del que hab\u00eda sido v\u00edctima una\njoven y su madre en las c\u00e9ntricas calles del municipio de Huajuapan de Le\u00f3n,\nmunicipio perteneciente a la regi\u00f3n Mixteca.<\/p>\n\n\n\n<p>Los primeros datos arrojaban que se\nhab\u00eda realizado en la v\u00eda p\u00fablica, sin embargo posteriormente se supo que fue\nal interior de un domicilio y que la v\u00edctima respond\u00eda al nombre de Mar\u00eda Elena\nR\u00edos Ortiz, adem\u00e1s de su madre.<\/p>\n\n\n\n<p>La indignaci\u00f3n social no se hizo\nesperar, se trataba de una joven saxofonista de 26 a\u00f1os de edad que\nrecientemente hab\u00eda acudido a un encuentro de m\u00fasica en la ciudad de Oaxaca.<\/p>\n\n\n\n<p>Su rostro se hac\u00eda viral en las redes\nsociales, as\u00ed como los primeros datos de las autoridades que explicaban que un\nsujeto desconocido y que se dio a la fuga era el responsable. Mar\u00eda Elena y su\nfamilia sab\u00edan que el ataque hab\u00eda sido ordenado por alguien conocido.<\/p>\n\n\n\n<p>EL PRESUNTO<\/p>\n\n\n\n<p>El nombre de Juan Antonio Vera\nCarrizal, empresario gasolinero y ex diputado local por el PRI comenz\u00f3 a sonar en\nlas redes sociales como presunto responsable, familiares de la joven incluso\nreconocieron la relaci\u00f3n sentimental que existi\u00f3 entre la joven y el sujeto\nse\u00f1alado, misma que termin\u00f3 Mar\u00eda Elena debido a la violencia de la que era\nv\u00edctima. <\/p>\n\n\n\n<p>Pese a lo anterior los datos anteriores\nno fueron tomados en cuenta por las autoridades estatales en materia de\njusticia, principalmente por la Fiscal\u00eda General del Estado de Oaxaca.<\/p>\n\n\n\n<p>A inicios del mes de diciembre, tres\nmeses despu\u00e9s de los hechos, una extensa nota en el diario \u201cEl Universal\u201d\nrevivi\u00f3 el caso y evidenci\u00f3 que no hab\u00eda avances en la investigaci\u00f3n por parte\nde la Fiscal\u00eda General, a cargo de Rub\u00e9n Vasconcelos M\u00e9ndez, para dar con el\nresponsable de los hechos.<\/p>\n\n\n\n<p>Y peor a\u00fan, la joven no hab\u00eda recibido\natenci\u00f3n especializada para el tipo de quemaduras con \u00e1cido que da\u00f1aron la\nmayor parte de su cuerpo.<\/p>\n\n\n\n<p>La informaci\u00f3n se volvi\u00f3 viral y\ntranscendi\u00f3 fronteras, el tema fue retomado por medios de comunicaci\u00f3n\nnacionales e internacionales.<\/p>\n\n\n\n<p>Eso propici\u00f3 que el 14 de diciembre de\n2019, la autoridad despertara de su letargo y concretara el traslado de la\njoven al Centro Nacional de Investigaci\u00f3n y Atenci\u00f3n de Quemados (CENIAQ) del\nInstituto Nacional de Rehabilitaci\u00f3n (INR) \u201cLuis Guillermo Ibarra Ibarra\u201d, en\nla Ciudad de M\u00e9xico y posteriormente presentara \u201cavances\u201d en la carpeta de investigaci\u00f3n.<\/p>\n\n\n\n<p>PRESI\u00d3N MEDI\u00c1TICA<\/p>\n\n\n\n<p>El 19 de diciembre y ante la presi\u00f3n\nmedi\u00e1tica, el fiscal de Oaxaca, Rub\u00e9n Vasconcelos M\u00e9ndez, se comprometi\u00f3\np\u00fablicamente a castigar a los responsables del ataque a la saxofonista\noaxaque\u00f1a sin importar de quien se tratar\u00e1, asegurando que no habr\u00eda impunidad,\npero neg\u00e1ndose a hablar de los avances en el caso debido a la secrec\u00eda de la\ninvestigaci\u00f3n.<\/p>\n\n\n\n<p>Pese a las declaraciones del fiscal, la\nindignaci\u00f3n de la poblaci\u00f3n continu\u00f3 y se promovi\u00f3 un boicot a las empresas\ngasolineras de Vera Carrizal ubicadas en la capital y en otras regiones de la\nentidad.<\/p>\n\n\n\n<p>mientras que la petici\u00f3n de justicia en\nla plataforma change.org rebas\u00f3 su meta en varias ocasiones con miles de\nadhesiones desde diferentes partes del mundo que respaldaron a la joven\noaxaque\u00f1a. <\/p>\n\n\n\n<p>Lo anterior luego de que el ex diputado\nnegara las acusaciones en su contra y responsabilizar\u00e1 a la joven de su propio\nataque, dando a entender que fue producto&nbsp;\nde los actos de la mujer y no responsabilidad del agresor.<\/p>\n\n\n\n<p>LOS DETENIDOS<\/p>\n\n\n\n<p>El 23 de diciembre, en una conferencia\nde prensa el fiscal anunci\u00f3 la detenci\u00f3n de Ponciano H.Y., como autor material\nde los hechos; la familia de Mar\u00eda Elena desminti\u00f3 que se tratara del mismo\nsujeto que la atac\u00f3 y cuatro d\u00edas despu\u00e9s la dependencia aclar\u00f3 que era el\npadre y acompa\u00f1ante del autor material de los hechos, que responde al nombre de\nRubicel H. R., a quien tambi\u00e9n se detuvo y se vincul\u00f3 a proceso.<\/p>\n\n\n\n<p>El tiempo sigui\u00f3 su curso y antes de\nque las investigaciones de la Fiscal\u00eda vincularan a Vera Carrizal con los\nhechos, el 4 de enero de este 2020 se dio a conocer que el empresario tramit\u00f3\nun juicio de amparo ante \u201cactos privativos de libertad\u201d, espec\u00edficamente por\nuna orden de aprehensi\u00f3n que pudiera existir en su contra al ser se\u00f1alado como\nautor intelectual del ataque.<\/p>\n\n\n\n<p>Lo anterior fue calificado de aberrante\npor parte de la familia, que adem\u00e1s cuestion\u00f3 que con 3 mil 500 pesos -costo\ndel procedimiento legal- el Juez Federal Cuarto de Distrito le otorgara la\ngarant\u00eda de no ser detenido, ante la reciente presi\u00f3n social ejercida para lograr\nsu captura y procesamiento penal como autor intelectual de los hechos que\ndesfiguraron el rostro de la joven y dejaron severos da\u00f1os en su cuerpo.<\/p>\n\n\n\n<p>El 8 de febrero, integrantes de la 64\nLegislatura de Oaxaca aprobaron un Punto de Acuerdo por el cual se exhort\u00f3 al\ntitular de la Fiscal\u00eda General del Estado, Rub\u00e9n Vasconcelos M\u00e9ndez, agilizar\nlas investigaciones en torno a la agresi\u00f3n que sufri\u00f3 Mar\u00eda Elena.<\/p>\n\n\n\n<p>Un d\u00eda despu\u00e9s, la Comisi\u00f3n Permanente\ndel Congreso de la Ciudad de M\u00e9xico (Cdmx) urgi\u00f3 a la Fiscal\u00eda General de\nOaxaca proceder legalmente contra Vera Carrizal, por su presunta participaci\u00f3n\nen el ataque, a la par que lamentaron que el Juzgado Cuarto de Distrito\notorgara un amparo en contra del presunto autor intelectual a cambio de una\ngarant\u00eda de tres mil 500 pesos.<\/p>\n\n\n\n<p>ORDEN VS VERA<\/p>\n\n\n\n<p>Debido a las fuertes cr\u00edticas en torno\nal amparo, el 13 de enero se confirm\u00f3 la orden de aprehensi\u00f3n en contra de Juan\nVera, sin embargo, la tardanza de la Fiscal\u00eda de Oaxaca en solicitar dicho\nmandamiento y de dar cumplimiento a ello, habr\u00eda permitido la fuga del acusado,\nconsider\u00f3 el presidente de la Junta de Coordinaci\u00f3n Pol\u00edtica del Congreso\nlocal, Horacio Sosa Villavicencio, que calific\u00f3 el actuar de la dependencia\ncomo tard\u00edo y ventajoso.<\/p>\n\n\n\n<p>El 22 de enero y desesperada por la\npresi\u00f3n medi\u00e1tica estatal, nacional e internacional, la Fiscal\u00eda cate\u00f3 un\ndomicilio de la familia Vera Carrizal, pero s\u00f3lo hall\u00f3 a mujeres y ni\u00f1os, a\nquienes atemorizaron elementos armados, as\u00ed lo dieron a conocer las hijas del\nempresario quienes se dijeron v\u00edctimas de acoso y abuso de autoridad por parte\nde las autoridades.<\/p>\n\n\n\n<p>Al d\u00eda siguiente del cateo fallido y\nante lo que consideraron incapacidad de la autoridad local para resolver casos,\nas\u00ed como la creciente impunidad, la Comisi\u00f3n Permanente del Senado de la\nRep\u00fablica aprob\u00f3 exhortar a la Fiscal\u00eda General de la Rep\u00fablica (FGR) que\natrajera el caso de la joven saxofonista Mar\u00eda Elena R\u00edos Ortiz, entre otros.<\/p>\n\n\n\n<p>A inicio de este mes de febrero el\nexpediente del caso de la joven fue filtrado a los medios de comunicaci\u00f3n,\npresuntamente por personal de la dependencia encargada de la procuraci\u00f3n de\njusticia, a partir de lo cual se supo que los autores materiales capturados\nse\u00f1alaron a Vera Carrizal de haberles pagado 30 mil pesos para atacar a la\njoven, raz\u00f3n por la que la Fiscal\u00eda lo ha estado buscando en diversos\ndomicilios sin \u00e9xito.<\/p>\n\n\n\n<p>IMPUNIDAD LATENTE<\/p>\n\n\n\n<p>De igual forma, personas cercanas a\nJuan Vera Carrizal, difundieron audios y videos en los que se escucha y se ve a\nla joven saxofonista Mar\u00eda Elena mostrando su afecto amoroso al tambi\u00e9n ex\ndiputado local y hoy pr\u00f3fugo de la justicia, con lo que pretend\u00edan limpiar la\nimagen del acusado p\u00fablicamente.<\/p>\n\n\n\n<p>Finalmente este 18 de febrero, despu\u00e9s\nde cinco meses del ataque, en conferencia de prensa el fiscal general Rub\u00e9n\nVasconcelos ofreci\u00f3 una recompensa de hasta un mill\u00f3n de pesos para quien\nproporcione informaci\u00f3n veraz sobre el paradero del empresario gasolinero,\nacusado de tentativa de feminicidio y vinculado como autor intelectual de los\nhechos.<\/p>\n\n\n\n<p>Mientras que el gobernador, Alejandro\nMurat Hinojosa, asegur\u00f3 que hay indicios que el tambi\u00e9n ex diputado local est\u00e1\ntodav\u00eda en el pa\u00eds, por lo que pidi\u00f3 el respaldo ciudadano para dar con el\nparadero del hoy pr\u00f3fugo de la justicia<\/p>\n\n\n\n<p>Pese a las declaraciones de la\nautoridad estatal, la realidad es que han pasado 163 d\u00edas desde el ataque que\nle cambi\u00f3 la vida para siempre a Mar\u00eda Elena R\u00edos Ortiz, joven de 26 a\u00f1os con\nun futuro prometedor en la m\u00fasica, cuyo cuerpo hoy presenta huellas imborrables\nde la violencia extrema ejercida en su contra, y por lo cual a\u00fan no obtiene\njusticia. La impunidad reina.<\/p>\n","protected":false},"excerpt":{"rendered":"<p>Evlin Arag\u00f3n\/Zona Roja. Oaxaca de Ju\u00e1rez, Oax., 19 de febrero de 2020.- El pasado 19&hellip;<\/p>\n","protected":false},"author":2,"featured_media":6686,"comment_status":"closed","ping_status":"open","sticky":false,"template":"","format":"standard","meta":{"_lmt_disableupdate":"","_lmt_disable":"","_jetpack_memberships_contains_paid_content":false,"footnotes":""},"categories":[109,47],"tags":[1144,1124],"class_list":["post-8963","post","type-post","status-publish","format-standard","has-post-thumbnail","hentry","category-minuto-a-minuto","category-zona-gris","tag-juan-antonio-vera-carrizal","tag-maria-elena-rios-ortiz"],"jetpack_featured_media_url":"https:\/\/zonaroja.com.mx\/wp-content\/uploads\/2019\/12\/Vera-Carrizal-y-Mar\u00eda-Elena.jpg","jetpack_sharing_enabled":true,"_links":{"self":[{"href":"https:\/\/zonaroja.com.mx\/index.php?rest_route=\/wp\/v2\/posts\/8963","targetHints":{"allow":["GET"]}}],"collection":[{"href":"https:\/\/zonaroja.com.mx\/index.php?rest_route=\/wp\/v2\/posts"}],"about":[{"href":"https:\/\/zonaroja.com.mx\/index.php?rest_route=\/wp\/v2\/types\/post"}],"author":[{"embeddable":true,"href":"https:\/\/zonaroja.com.mx\/index.php?rest_route=\/wp\/v2\/users\/2"}],"replies":[{"embeddable":true,"href":"https:\/\/zonaroja.com.mx\/index.php?rest_route=%2Fwp%2Fv2%2Fcomments&post=8963"}],"version-history":[{"count":1,"href":"https:\/\/zonaroja.com.mx\/index.php?rest_route=\/wp\/v2\/posts\/8963\/revisions"}],"predecessor-version":[{"id":8964,"href":"https:\/\/zonaroja.com.mx\/index.php?rest_route=\/wp\/v2\/posts\/8963\/revisions\/8964"}],"wp:featuredmedia":[{"embeddable":true,"href":"https:\/\/zonaroja.com.mx\/index.php?rest_route=\/wp\/v2\/media\/6686"}],"wp:attachment":[{"href":"https:\/\/zonaroja.com.mx\/index.php?rest_route=%2Fwp%2Fv2%2Fmedia&parent=8963"}],"wp:term":[{"taxonomy":"category","embeddable":true,"href":"https:\/\/zonaroja.com.mx\/index.php?rest_route=%2Fwp%2Fv2%2Fcategories&post=8963"},{"taxonomy":"post_tag","embeddable":true,"href":"https:\/\/zonaroja.com.mx\/index.php?rest_route=%2Fwp%2Fv2%2Ftags&post=8963"}],"curies":[{"name":"wp","href":"https:\/\/api.w.org\/{rel}","templated":true}]}}