{"id":8965,"date":"2020-02-19T21:21:23","date_gmt":"2020-02-20T03:21:23","guid":{"rendered":"http:\/\/www.zonaroja.com.mx\/?p=8965"},"modified":"2020-02-19T21:21:26","modified_gmt":"2020-02-20T03:21:26","slug":"detuvo-sspo-a-cuatro-probables-agresores-de-periodistas-de-oaxaca","status":"publish","type":"post","link":"https:\/\/zonaroja.com.mx\/?p=8965","title":{"rendered":"Detuvo SSPO a cuatro probables agresores de periodistas de Oaxaca"},"content":{"rendered":"\n<p>Redacci\u00f3n\/Zona Roja.<\/p>\n\n\n\n<p>Oaxaca de Ju\u00e1rez, Oax., 19 de febrero\nde 2020.- Ante la nula presencia de la polic\u00eda municipal de Oaxaca de Ju\u00e1rez,\npersonal de la Polic\u00eda Tur\u00edstica de la Secretar\u00eda de Seguridad P\u00fablica de\nOaxaca (SSPO) detuvo a cuatro personas, probables agresores de la agresi\u00f3n a periodistas\nocurrida este mi\u00e9rcoles.<\/p>\n\n\n\n<p>Como se inform\u00f3, los hechos sucedieron\ncerca del mediod\u00eda cuando un grupo de presuntos v\u00e1ndalos contratados como grupo\nde choque, que al parecer se drogaban en la v\u00eda p\u00fablica, atacaron a al menos 11\ncomunicadores que cubr\u00edan la protesta en la sede del Tribunal Unitario Agrario,\nen la calle D\u00edaz Quintas de la capital.<\/p>\n\n\n\n<p>Los presuntos agresores ya fueron\nidentificados y se trata de las siguientes personas: Luis A. R. C., Atilano R.\nS., Luis R. L. y Rogelio L. H.; vecinos de San Juan Chapultepec, Santa Cruz\nXoxocotl\u00e1n y Soledad, Etla, inform\u00f3 la dependencia estatal.<\/p>\n\n\n\n<p>Este mi\u00e9rcoles, los inconformes\ncerraron de forma violenta los accesos al Tribunal, dejando atrapados al\npersonal administrativo, as\u00ed como actuarios para presionar a jueces para\ndeclarar la nulidad&nbsp; de un juicio de\nposesi\u00f3n de un terreno, ubicado en inmediaciones de San Francisco Tutla.<\/p>\n\n\n\n<p>La agresi\u00f3n se registr\u00f3 en contra de un\ngrupo de fot\u00f3grafos y reporteros, quienes fueron atacados&nbsp; a golpes por los manifestantes; por lo que\nfueron trasladados a la Fiscal\u00eda General del Estado de Oaxaca (FGEO) para interponer\nsu denuncia.<\/p>\n\n\n\n<p>La SSPO indic\u00f3 que contin\u00faa trabajando\npara brindar seguridad a las y los oaxaque\u00f1os; adem\u00e1s, manifest\u00f3 su compromiso\npara garantizar la libertad de expresi\u00f3n y conden\u00f3 todo tipo de agresi\u00f3n en\ncontra de las y los periodistas de Oaxaca.<\/p>\n","protected":false},"excerpt":{"rendered":"<p>Redacci\u00f3n\/Zona Roja. Oaxaca de Ju\u00e1rez, Oax., 19 de febrero de 2020.- Ante la nula presencia&hellip;<\/p>\n","protected":false},"author":2,"featured_media":8966,"comment_status":"closed","ping_status":"open","sticky":false,"template":"","format":"standard","meta":{"_lmt_disableupdate":"","_lmt_disable":"","_jetpack_memberships_contains_paid_content":false,"footnotes":""},"categories":[109,51],"tags":[1396],"class_list":["post-8965","post","type-post","status-publish","format-standard","has-post-thumbnail","hentry","category-minuto-a-minuto","category-zona-roja","tag-agresion-a-periodistas-oaxaca"],"jetpack_featured_media_url":"https:\/\/zonaroja.com.mx\/wp-content\/uploads\/2020\/02\/8b29cad9-32df-4450-a95d-4120e7410e3c.jpg","jetpack_sharing_enabled":true,"_links":{"self":[{"href":"https:\/\/zonaroja.com.mx\/index.php?rest_route=\/wp\/v2\/posts\/8965","targetHints":{"allow":["GET"]}}],"collection":[{"href":"https:\/\/zonaroja.com.mx\/index.php?rest_route=\/wp\/v2\/posts"}],"about":[{"href":"https:\/\/zonaroja.com.mx\/index.php?rest_route=\/wp\/v2\/types\/post"}],"author":[{"embeddable":true,"href":"https:\/\/zonaroja.com.mx\/index.php?rest_route=\/wp\/v2\/users\/2"}],"replies":[{"embeddable":true,"href":"https:\/\/zonaroja.com.mx\/index.php?rest_route=%2Fwp%2Fv2%2Fcomments&post=8965"}],"version-history":[{"count":1,"href":"https:\/\/zonaroja.com.mx\/index.php?rest_route=\/wp\/v2\/posts\/8965\/revisions"}],"predecessor-version":[{"id":8967,"href":"https:\/\/zonaroja.com.mx\/index.php?rest_route=\/wp\/v2\/posts\/8965\/revisions\/8967"}],"wp:featuredmedia":[{"embeddable":true,"href":"https:\/\/zonaroja.com.mx\/index.php?rest_route=\/wp\/v2\/media\/8966"}],"wp:attachment":[{"href":"https:\/\/zonaroja.com.mx\/index.php?rest_route=%2Fwp%2Fv2%2Fmedia&parent=8965"}],"wp:term":[{"taxonomy":"category","embeddable":true,"href":"https:\/\/zonaroja.com.mx\/index.php?rest_route=%2Fwp%2Fv2%2Fcategories&post=8965"},{"taxonomy":"post_tag","embeddable":true,"href":"https:\/\/zonaroja.com.mx\/index.php?rest_route=%2Fwp%2Fv2%2Ftags&post=8965"}],"curies":[{"name":"wp","href":"https:\/\/api.w.org\/{rel}","templated":true}]}}