{"id":89654,"date":"2026-01-31T09:45:00","date_gmt":"2026-01-31T15:45:00","guid":{"rendered":"https:\/\/zonaroja.com.mx\/?p=89654"},"modified":"2026-01-31T07:17:18","modified_gmt":"2026-01-31T13:17:18","slug":"escala-conflicto-en-municipio-de-lo-de-soto-presidenta-se-niega-a-informar","status":"publish","type":"post","link":"https:\/\/zonaroja.com.mx\/?p=89654","title":{"rendered":"Escala conflicto en municipio de Lo de Soto; presidenta se niega a informar"},"content":{"rendered":"\n<p>Lisbeth Mej\u00eda Reyes\/Zona Roja.<\/p>\n\n\n\n<p>Oaxaca, Oax., a 31 de enero de 2026.- La exigencia de transparencia y rendici\u00f3n de cuentas hacia la presidenta municipal de San Juan Bautista Lo de Soto, Irasema Leyva Ojeda, escal\u00f3 a un conflicto por presunta violencia pol\u00edtica en su contra.&nbsp;<\/p>\n\n\n\n<p>Adem\u00e1s de la determinaci\u00f3n de medidas cautelares a su favor por parte de la fiscal\u00eda de Pinotepa Nacional, dependiente de la Fiscal\u00eda General del Estado de Oaxaca (FGEO).<\/p>\n\n\n\n<p>El problema en este municipio de la regi\u00f3n Costa estall\u00f3 luego de que en las \u00faltimas semanas un grupo de ciudadanos y un regidor del ayuntamiento, Abraham Alejandro Ojeda Pacheco, le exigieron transparentar el destino de los casi tres millones de pesos solicitados a nombre del ayuntamiento al Banco Nacional de Obras (Banobras) en el ejercicio fiscal 2025.<\/p>\n\n\n\n<p>Por ejemplo, a trav\u00e9s de un oficio de fecha 21 de enero de 2026, el grupo ciudadano denominado \u00abCiudadanos de Lo de Soto Unido\u00bb le exige a Leyva Ojeda (emanada del partido Morena) aclarar sus dudas sobre las acciones que cit\u00f3 en su primer informe de gobierno.&nbsp;<\/p>\n\n\n\n<p>Tambi\u00e9n que aclare el destino del cr\u00e9dito solicitado ante Banobras, ya que en el reporte de la Auditor\u00eda Superior de Fiscalizaci\u00f3n del Estado no declar\u00f3 la ejecuci\u00f3n de obra p\u00fablica en el municipio. Estas y otras exigencias fueron planteadas en el documento.<\/p>\n\n\n\n<p>Sin embargo, con la misma fecha del 21 de enero, la Fiscal\u00eda Local de Pinotepa Nacional le concedi\u00f3 medidas de protecci\u00f3n a Irasema por la presunta violencia pol\u00edtica en su contra por parte del regidor.<\/p>\n\n\n\n<p>En el documento firmado por Edgar Manuel Orantes, la fiscal\u00eda de Pinotepa Nacional, le informa a Abraham Alejandro Ojeda Pacheco que se integr\u00f3 la carpeta de investigaci\u00f3n 1456\/Pinotepa\/2026 \u00aben su contra por la comisi\u00f3n del delito de violencia pol\u00edtica cometido en contra de Irasema Leyva Ojeda\u00bb, y por lo cual se acordaron medidas de protecci\u00f3n a favor de la v\u00edctima.<\/p>\n\n\n\n<p>Estas medidas son: \u00abprohibici\u00f3n de intimidar a Irasema Leyva Ojeda o molestar a la v\u00edctima en su entorno social, as\u00ed como a cualquier integrante de su familia\u00bb e incluso a personas relacionadas con ellas. Asimismo, se determin\u00f3 \u00abauxilio policiaco de reacci\u00f3n inmediata en favor de la v\u00edctima\u00bb.<\/p>\n\n\n\n<p>Estas medidas son formas de censura y represi\u00f3n hacia el regidor, de acuerdo con Mar\u00eda de Lourdes Ojeda Serrano, maestra en Derecho Constitucional y catedr\u00e1tica de la Universidad Nacional Aut\u00f3noma de M\u00e9xico.<\/p>\n\n\n\n<p>En una publicaci\u00f3n en un grupo de esa comunidad, Ojeda Serrano tambi\u00e9n cuestion\u00f3 el uso del concepto de violencia pol\u00edtica en raz\u00f3n de g\u00e9nero en este caso.<\/p>\n\n\n\n<p>\u00ab\u00bfQu\u00e9 es la Violencia Pol\u00edtica en raz\u00f3n de G\u00e9nero? Hay que ofrecerle c\u00e1tedras a las pol\u00edticas y Fiscales que usan esta herramienta Jurisdiccional para reprimir a la ciudadan\u00eda. El dar a conocer las corruptelas, malversaci\u00f3n de fondos p\u00fablicos, y latrocinio de los servidores p\u00fablicos NO es delito. Es todo lo contrario, es usar tu derecho a la libertad de expresi\u00f3n; consagrado en la ley Suprema que se llama Constituci\u00f3n Federal\u00bb, explic\u00f3.<\/p>\n\n\n\n<p>Tras las denuncias ciudadanas y la emisi\u00f3n de las medidas de protecci\u00f3n a su favor, la edil de Lo de Soto (2025-2027) convoc\u00f3 a la poblaci\u00f3n en general, as\u00ed como al comit\u00e9 que le envi\u00f3 el oficio, a una reuni\u00f3n informativa el pr\u00f3ximo 2 de febrero en el palacio municipal.<\/p>\n","protected":false},"excerpt":{"rendered":"<p>Lisbeth Mej\u00eda Reyes\/Zona Roja. Oaxaca, Oax., a 31 de enero de 2026.- La exigencia de&hellip;<\/p>\n","protected":false},"author":2,"featured_media":89650,"comment_status":"closed","ping_status":"open","sticky":false,"template":"","format":"standard","meta":{"_lmt_disableupdate":"","_lmt_disable":"","_jetpack_memberships_contains_paid_content":false,"footnotes":""},"categories":[109,47],"tags":[4653,1291],"class_list":["post-89654","post","type-post","status-publish","format-standard","has-post-thumbnail","hentry","category-minuto-a-minuto","category-zona-gris","tag-irasema-leyva-ojeda","tag-san-juan-bautista-lo-de-soto"],"jetpack_featured_media_url":"https:\/\/zonaroja.com.mx\/wp-content\/uploads\/2026\/01\/Presidenta-municipal-Lo-de-Soto.-Irasema-Leyva.jpg","jetpack_sharing_enabled":true,"_links":{"self":[{"href":"https:\/\/zonaroja.com.mx\/index.php?rest_route=\/wp\/v2\/posts\/89654","targetHints":{"allow":["GET"]}}],"collection":[{"href":"https:\/\/zonaroja.com.mx\/index.php?rest_route=\/wp\/v2\/posts"}],"about":[{"href":"https:\/\/zonaroja.com.mx\/index.php?rest_route=\/wp\/v2\/types\/post"}],"author":[{"embeddable":true,"href":"https:\/\/zonaroja.com.mx\/index.php?rest_route=\/wp\/v2\/users\/2"}],"replies":[{"embeddable":true,"href":"https:\/\/zonaroja.com.mx\/index.php?rest_route=%2Fwp%2Fv2%2Fcomments&post=89654"}],"version-history":[{"count":1,"href":"https:\/\/zonaroja.com.mx\/index.php?rest_route=\/wp\/v2\/posts\/89654\/revisions"}],"predecessor-version":[{"id":89655,"href":"https:\/\/zonaroja.com.mx\/index.php?rest_route=\/wp\/v2\/posts\/89654\/revisions\/89655"}],"wp:featuredmedia":[{"embeddable":true,"href":"https:\/\/zonaroja.com.mx\/index.php?rest_route=\/wp\/v2\/media\/89650"}],"wp:attachment":[{"href":"https:\/\/zonaroja.com.mx\/index.php?rest_route=%2Fwp%2Fv2%2Fmedia&parent=89654"}],"wp:term":[{"taxonomy":"category","embeddable":true,"href":"https:\/\/zonaroja.com.mx\/index.php?rest_route=%2Fwp%2Fv2%2Fcategories&post=89654"},{"taxonomy":"post_tag","embeddable":true,"href":"https:\/\/zonaroja.com.mx\/index.php?rest_route=%2Fwp%2Fv2%2Ftags&post=89654"}],"curies":[{"name":"wp","href":"https:\/\/api.w.org\/{rel}","templated":true}]}}