{"id":89656,"date":"2026-01-31T10:45:00","date_gmt":"2026-01-31T16:45:00","guid":{"rendered":"https:\/\/zonaroja.com.mx\/?p=89656"},"modified":"2026-01-31T07:31:02","modified_gmt":"2026-01-31T13:31:02","slug":"detienen-a-sujeto-por-humillaciones-agresiones-y-amenazas-de-muerte-contra-su-esposa","status":"publish","type":"post","link":"https:\/\/zonaroja.com.mx\/?p=89656","title":{"rendered":"Detienen a sujeto por humillaciones, agresiones y amenazas de muerte contra su esposa"},"content":{"rendered":"\n<p>Redacci\u00f3n\/Zona Roja.&nbsp;<\/p>\n\n\n\n<p>Oaxaca, Oax., a 31 de enero de 2026.- Como parte de las acciones estrat\u00e9gicas para garantizar a las mujeres una vida libre de violencia, la Fiscal\u00eda General del Estado de Oaxaca (FGEO) ejecut\u00f3 una orden de aprehensi\u00f3n que permiti\u00f3 la detenci\u00f3n de un hombre identificado como H.R.L., por el delito de Violencia Familiar, cometido en perjuicio de su esposa.<\/p>\n\n\n\n<p>La detenci\u00f3n fue realizada por elementos de la Agencia Estatal de Investigaciones (AEI) adscritos a la Comandancia de Investigaci\u00f3n Especializada para la Atenci\u00f3n a Delitos contra la Mujer por Raz\u00f3n de G\u00e9nero, en inmediaciones del fraccionamiento San Jos\u00e9 La Noria en la capital de Oaxaca, derivado de hechos ocurridos en los Valles Centrales.<\/p>\n\n\n\n<p>De acuerdo con la investigaci\u00f3n ministerial, los hechos de violencia se registraron de manera recurrente entre diciembre de 2024 y septiembre de 2025, en esas fechas, una mujer cuya identidad est\u00e1 reservada por ley, habr\u00eda sufrido violencia f\u00edsica y psicoemocional mediante humillaciones, amenazas de muerte y agresiones f\u00edsicas directas ocurridas tanto en el domicilio conyugal ubicado en San Felipe del Agua de la capital oaxaque\u00f1a como en la v\u00eda p\u00fablica.<\/p>\n\n\n\n<p>Cuando la FGEO tom\u00f3 conocimiento del caso inici\u00f3 las investigaciones ministeriales y periciales a trav\u00e9s de la Fiscal\u00eda Especializada para la Atenci\u00f3n a Delitos contra la Mujer por Raz\u00f3n de G\u00e9nero, que logr\u00f3 obtener una orden de aprehensi\u00f3n contra H.R.L., luego de documentar el grave da\u00f1o emocional de la v\u00edctima derivada del ciclo de violencia.<\/p>\n\n\n\n<p>Una vez detenido, H.R.L., fue puesto a disposici\u00f3n de la autoridad judicial correspondiente, quien determinar\u00e1 su situaci\u00f3n jur\u00eddica.<\/p>\n\n\n\n<p>VIOL\u00d3 A ADOLESCENTE<\/p>\n\n\n\n<p>En otro caso y derivado de las investigaciones especializadas, la Fiscal\u00eda General logr\u00f3 ejecutar una orden de aprehensi\u00f3n en contra de&nbsp; F.A.S. por el delito equiparado a la violaci\u00f3n agravada y abuso sexual agravado cometido en contra de una adolescente.<\/p>\n\n\n\n<p>De acuerdo con la carpeta de investigaci\u00f3n la v\u00edctima -una adolescente, cuyos datos est\u00e1n reservados por ley- fue internada en un centro de rehabilitaci\u00f3n contra las adicciones ubicado en Tlalixtac de Cabrera, lugar en el que en diversas ocasiones fue agredida sexualmente y f\u00edsicamente, adem\u00e1s de que fue aislada e incomunicada por varios d\u00edas. &nbsp;<\/p>\n\n\n\n<p>Tras recibir la denuncia, la FGEO a trav\u00e9s de la Fiscal\u00eda Especializada en Justicia para Ni\u00f1as, Ni\u00f1os y Adolescentes inici\u00f3 las indagatorias correspondientes y present\u00f3 ante el Juez, las pruebas suficientes que permitieron la obtenci\u00f3n de la orden de aprehensi\u00f3n, misma que fue ejecuta por medio de un operativo en el que participaron elementos de la Agencia Estatal de Investigaciones.<\/p>\n\n\n\n<p>Despu\u00e9s de ser detenido, F.A.S. qued\u00f3 a disposici\u00f3n de la autoridad ministerial correspondiente para que se determine su situaci\u00f3n jur\u00eddica.<\/p>\n\n\n\n<figure class=\"wp-block-image size-full\"><img decoding=\"async\" width=\"800\" height=\"516\" src=\"https:\/\/zonaroja.com.mx\/wp-content\/uploads\/2026\/01\/Detenido-por-violar-a-adolescente-en-Tlalixtac.jpg\" alt=\"\" class=\"wp-image-89657\" srcset=\"https:\/\/zonaroja.com.mx\/wp-content\/uploads\/2026\/01\/Detenido-por-violar-a-adolescente-en-Tlalixtac.jpg 800w, https:\/\/zonaroja.com.mx\/wp-content\/uploads\/2026\/01\/Detenido-por-violar-a-adolescente-en-Tlalixtac-300x194.jpg 300w, https:\/\/zonaroja.com.mx\/wp-content\/uploads\/2026\/01\/Detenido-por-violar-a-adolescente-en-Tlalixtac-768x495.jpg 768w, https:\/\/zonaroja.com.mx\/wp-content\/uploads\/2026\/01\/Detenido-por-violar-a-adolescente-en-Tlalixtac-585x377.jpg 585w\" sizes=\"(max-width: 800px) 100vw, 800px\" \/><figcaption class=\"wp-element-caption\">Dise\u00f1o sin t\u00edtulo &#8211; 1<\/figcaption><\/figure>\n\n\n\n<p>HOMICIDA VINCULADO&nbsp;<\/p>\n\n\n\n<p>La Fiscal\u00eda General obtuvo la vinculaci\u00f3n a proceso en contra de una persona del sexo masculino identificado como S.L.T. por el delito de homicidio calificado con ventaja cometido en la regi\u00f3n de la Costa.<\/p>\n\n\n\n<p>De acuerdo con la carpeta de investigaci\u00f3n los hechos ocurrieron el 28 de diciembre de 2025, al interior de un domicilio en la comunidad del Ciruelo, Santiago Pinotepa Nacional, donde la v\u00edctima se encontraba con otras personas, cuando fue agredido con un arma corto contundente (machete), lo que le ocasion\u00f3 diversas heridas que ocasionaron que perdiera la vida.<\/p>\n\n\n\n<p>Al tener conocimiento del suceso, la Fiscal\u00eda de Oaxaca inici\u00f3 las investigaciones correspondientes&nbsp; que permitieron obtener la orden de aprehensi\u00f3n, por lo que a trav\u00e9s de trabajos de inteligencia criminal lograron la ubicaci\u00f3n de S.L.T., e implementaron un operativo a trav\u00e9s de la Agencia Estatal de Investigaciones y se ejecut\u00f3 el mandato judicial.<\/p>\n\n\n\n<p>Durante la audiencia el Juez de la causa, despu\u00e9s de evaluar los datos de prueba presentados por la Fiscal\u00eda de Oaxaca determin\u00f3 vincular a proceso a S.L.T.&nbsp; por el delito de homicidio calificado con ventaja, adem\u00e1s de imponer la medida de prisi\u00f3n preventiva y otorgar dos meses para el cierre de la investigaci\u00f3n.<\/p>\n\n\n\n<p>DETENIDO 10 A\u00d1OS DESPU\u00c9S<\/p>\n\n\n\n<p>Por otra parte la instituci\u00f3n obtuvo la vinculaci\u00f3n a proceso en contra de E.M.S. por el delito de homicidio calificado con ventaja cometido en la Sierra Sur.<\/p>\n\n\n\n<p>De acuerdo con el expediente penal, los hechos ocurrieron el 16 de diciembre de 2016, en la poblaci\u00f3n de Santiago Minas, Sola de Vega, donde la v\u00edctima -una mujer, cuya identidad est\u00e1 reservada por ley- fue privada de la vida con disparos de arma de fuego.<\/p>\n\n\n\n<p>Tras la denuncia, la FGEO, a trav\u00e9s de la Vicefiscal\u00eda Regional de Valles Centrales , inici\u00f3 de inmediato las indagatorias correspondientes, logrando establecer que E.M.S., se encontraba en los Estados Unidos de Norteam\u00e9rica, por lo que se solicit\u00f3 la colaboraci\u00f3n internacional para la ejecuci\u00f3n de la orden de aprehensi\u00f3n, por lo que despu\u00e9s de su localizaci\u00f3n se llev\u00f3 a cabo la detenci\u00f3n de E.M.S., quien fue entregado a autoridades mexicanas en las instalaciones de la Fiscal\u00eda General de la Rep\u00fablica (FGR) en Tijuana, Baja California, donde fue recibido mediante acta de entrega-recepci\u00f3n por agentes de la AEI&nbsp; de la Fiscal\u00eda de Oaxaca.&nbsp;<\/p>\n\n\n\n<p>Con base en los datos de prueba presentados por el Ministerio P\u00fablico, en audiencia, el Juez de Control, vincul\u00f3 a proceso al imputado E.M.S. por el delito de homicidio calificado con ventaja e impuso la medida de prisi\u00f3n preventiva como medida cautelar, adem\u00e1s de otorgar dos meses para el cierre de la investigaci\u00f3n.<\/p>\n","protected":false},"excerpt":{"rendered":"<p>Redacci\u00f3n\/Zona Roja.&nbsp; Oaxaca, Oax., a 31 de enero de 2026.- Como parte de las acciones&hellip;<\/p>\n","protected":false},"author":2,"featured_media":89658,"comment_status":"closed","ping_status":"open","sticky":false,"template":"","format":"standard","meta":{"_lmt_disableupdate":"","_lmt_disable":"","_jetpack_memberships_contains_paid_content":false,"footnotes":""},"categories":[109,46],"tags":[494],"class_list":["post-89656","post","type-post","status-publish","format-standard","has-post-thumbnail","hentry","category-minuto-a-minuto","category-zona-blanca","tag-fiscalia-general-del-estado-de-oaxaca"],"jetpack_featured_media_url":"https:\/\/zonaroja.com.mx\/wp-content\/uploads\/2026\/01\/Detenido-agresor-de-mujer-esposa-ciudad-de-Oaxaca.jpg","jetpack_sharing_enabled":true,"_links":{"self":[{"href":"https:\/\/zonaroja.com.mx\/index.php?rest_route=\/wp\/v2\/posts\/89656","targetHints":{"allow":["GET"]}}],"collection":[{"href":"https:\/\/zonaroja.com.mx\/index.php?rest_route=\/wp\/v2\/posts"}],"about":[{"href":"https:\/\/zonaroja.com.mx\/index.php?rest_route=\/wp\/v2\/types\/post"}],"author":[{"embeddable":true,"href":"https:\/\/zonaroja.com.mx\/index.php?rest_route=\/wp\/v2\/users\/2"}],"replies":[{"embeddable":true,"href":"https:\/\/zonaroja.com.mx\/index.php?rest_route=%2Fwp%2Fv2%2Fcomments&post=89656"}],"version-history":[{"count":1,"href":"https:\/\/zonaroja.com.mx\/index.php?rest_route=\/wp\/v2\/posts\/89656\/revisions"}],"predecessor-version":[{"id":89659,"href":"https:\/\/zonaroja.com.mx\/index.php?rest_route=\/wp\/v2\/posts\/89656\/revisions\/89659"}],"wp:featuredmedia":[{"embeddable":true,"href":"https:\/\/zonaroja.com.mx\/index.php?rest_route=\/wp\/v2\/media\/89658"}],"wp:attachment":[{"href":"https:\/\/zonaroja.com.mx\/index.php?rest_route=%2Fwp%2Fv2%2Fmedia&parent=89656"}],"wp:term":[{"taxonomy":"category","embeddable":true,"href":"https:\/\/zonaroja.com.mx\/index.php?rest_route=%2Fwp%2Fv2%2Fcategories&post=89656"},{"taxonomy":"post_tag","embeddable":true,"href":"https:\/\/zonaroja.com.mx\/index.php?rest_route=%2Fwp%2Fv2%2Ftags&post=89656"}],"curies":[{"name":"wp","href":"https:\/\/api.w.org\/{rel}","templated":true}]}}