{"id":89660,"date":"2026-01-31T11:45:00","date_gmt":"2026-01-31T17:45:00","guid":{"rendered":"https:\/\/zonaroja.com.mx\/?p=89660"},"modified":"2026-01-31T07:34:11","modified_gmt":"2026-01-31T13:34:11","slug":"santa-cruz-xoxocotlan-ya-tiene-imagen-oficial-de-los-martes-de-brujas-2026","status":"publish","type":"post","link":"https:\/\/zonaroja.com.mx\/?p=89660","title":{"rendered":"Santa Cruz Xoxocotl\u00e1n ya tiene imagen oficial de los \u201cMartes de Brujas\u201d 2026"},"content":{"rendered":"\n<p>Redacci\u00f3n\/Zona Roja.<\/p>\n\n\n\n<p>Oaxaca, Oax., a 31 de enero de 2026.\u2013 La tradici\u00f3n que camina entre la memoria e identidad ya tiene rostro. Los \u201cMartes de Brujas\u201d 2026 cuentan con imagen oficial: \u201cMartes de Brujas, Santa Cruz Xoxocotl\u00e1n\u201d, del artista pl\u00e1stico Iv\u00e1n Doroteo Tuala, obra que \u201csimboliza la tradici\u00f3n, la uni\u00f3n familiar y la convivencia de esta celebraci\u00f3n\u201d, de acuerdo el ganador.&nbsp;<\/p>\n\n\n\n<p>La obra en t\u00e9cnica de acr\u00edlico sobre papel de algod\u00f3n fue seleccionada entre 31 propuestas que reflejaron distintas miradas sobre esta tradici\u00f3n emblem\u00e1tica del municipio.&nbsp;<\/p>\n\n\n\n<p>La selecci\u00f3n estuvo a cargo de un jurado especializado en arte, historia y cultura, que evalu\u00f3 cada obra con base en criterios de originalidad, identidad cultural y v\u00ednculo con las ra\u00edces xoxe\u00f1as, destacando la calidad y el compromiso art\u00edstico de las y los participantes.<\/p>\n\n\n\n<p>La presidenta municipal, Nancy Ben\u00edtez Z\u00e1rate, acompa\u00f1ada de integrantes del Cabildo, fue la encargada de entregar el reconocimiento al artista ganador, as\u00ed como de agradecer y reconocer la participaci\u00f3n de quienes formaron parte de esta convocatoria.<\/p>\n\n\n\n<p>\u201cEste concurso contin\u00faa fortaleci\u00e9ndose y consolid\u00e1ndose como una plataforma para el talento local, y demuestra que en nuestro municipio hay una gran riqueza art\u00edstica y un profundo amor a nuestras tradiciones\u201d, destac\u00f3 la edil.&nbsp;<\/p>\n\n\n\n<p>El segundo lugar lo obtuvo la obra \u201cOr\u00edgenes\u201d, de Fernando Ruiz Garc\u00eda; el tercero, Uni\u00f3n, de Yl\u00e1n Hern\u00e1ndez; el cuarto, \u201cRecuerdo de mi pueblo\u201d, Iv\u00e1n Rodr\u00edguez; el quinto, \u201cBajo la luz de la luna\u201d, de Alan Vel\u00e1squez; y el sexto, \u201cLas brujas de Santa Elena\u201d, de Aralin P\u00e9rez. &nbsp;<\/p>\n\n\n\n<p>Con esta imagen oficial, Santa Cruz Xoxocotl\u00e1n da inicio al camino rumbo a los Martes de Brujas 2026, una celebraci\u00f3n que no solo se vive, sino que se hereda; una tradici\u00f3n que une generaciones, guarda memoria y fortalece el orgullo de un pueblo que mantiene viva su historia a trav\u00e9s del arte y la cultura.<\/p>\n","protected":false},"excerpt":{"rendered":"<p>Redacci\u00f3n\/Zona Roja. Oaxaca, Oax., a 31 de enero de 2026.\u2013 La tradici\u00f3n que camina entre&hellip;<\/p>\n","protected":false},"author":2,"featured_media":89651,"comment_status":"closed","ping_status":"open","sticky":false,"template":"","format":"standard","meta":{"_lmt_disableupdate":"","_lmt_disable":"","_jetpack_memberships_contains_paid_content":false,"footnotes":""},"categories":[109,46],"tags":[133],"class_list":["post-89660","post","type-post","status-publish","format-standard","has-post-thumbnail","hentry","category-minuto-a-minuto","category-zona-blanca","tag-santa-cruz-xoxocotlan"],"jetpack_featured_media_url":"https:\/\/zonaroja.com.mx\/wp-content\/uploads\/2026\/01\/Xoxocotlan-ya-tiene-imagen-oficial-de-los-Martes-de-brujas-2026-1.jpeg","jetpack_sharing_enabled":true,"_links":{"self":[{"href":"https:\/\/zonaroja.com.mx\/index.php?rest_route=\/wp\/v2\/posts\/89660","targetHints":{"allow":["GET"]}}],"collection":[{"href":"https:\/\/zonaroja.com.mx\/index.php?rest_route=\/wp\/v2\/posts"}],"about":[{"href":"https:\/\/zonaroja.com.mx\/index.php?rest_route=\/wp\/v2\/types\/post"}],"author":[{"embeddable":true,"href":"https:\/\/zonaroja.com.mx\/index.php?rest_route=\/wp\/v2\/users\/2"}],"replies":[{"embeddable":true,"href":"https:\/\/zonaroja.com.mx\/index.php?rest_route=%2Fwp%2Fv2%2Fcomments&post=89660"}],"version-history":[{"count":1,"href":"https:\/\/zonaroja.com.mx\/index.php?rest_route=\/wp\/v2\/posts\/89660\/revisions"}],"predecessor-version":[{"id":89661,"href":"https:\/\/zonaroja.com.mx\/index.php?rest_route=\/wp\/v2\/posts\/89660\/revisions\/89661"}],"wp:featuredmedia":[{"embeddable":true,"href":"https:\/\/zonaroja.com.mx\/index.php?rest_route=\/wp\/v2\/media\/89651"}],"wp:attachment":[{"href":"https:\/\/zonaroja.com.mx\/index.php?rest_route=%2Fwp%2Fv2%2Fmedia&parent=89660"}],"wp:term":[{"taxonomy":"category","embeddable":true,"href":"https:\/\/zonaroja.com.mx\/index.php?rest_route=%2Fwp%2Fv2%2Fcategories&post=89660"},{"taxonomy":"post_tag","embeddable":true,"href":"https:\/\/zonaroja.com.mx\/index.php?rest_route=%2Fwp%2Fv2%2Ftags&post=89660"}],"curies":[{"name":"wp","href":"https:\/\/api.w.org\/{rel}","templated":true}]}}