{"id":89662,"date":"2026-01-31T12:45:00","date_gmt":"2026-01-31T18:45:00","guid":{"rendered":"https:\/\/zonaroja.com.mx\/?p=89662"},"modified":"2026-01-31T07:53:57","modified_gmt":"2026-01-31T13:53:57","slug":"y-la-austeridad-poder-judicial-gastara-331-mdp-en-comedores-en-2026","status":"publish","type":"post","link":"https:\/\/zonaroja.com.mx\/?p=89662","title":{"rendered":"\u00bfY la austeridad? Poder Judicial gastar\u00e1 331 mdp en comedores en 2026"},"content":{"rendered":"\n<p>Redacci\u00f3n\/Zona Roja Cdmx.<\/p>\n\n\n\n<p>(Informaci\u00f3n de Pol\u00edtico.Mx)<\/p>\n\n\n\n<p>Ciudad de M\u00e9xico, a 31 de enero de 2026.- El Poder Judicial de la Federaci\u00f3n (PJF) est\u00e1 nuevamente en el ojo del hurac\u00e1n luego de darse a conocer una licitaci\u00f3n que asign\u00f3 331 millones de pesos para los servicios de comedor institucional durante 2026 que constar\u00e1 de cuatro tiempos.<\/p>\n\n\n\n<p>De acuerdo con el diario \u201cEl Universal\u201d, el \u00d3rgano de Administraci\u00f3n Judicial (OAJ) adjudic\u00f3 contratos para garantizar este servicio durante todo 2026.<\/p>\n\n\n\n<p>La bolsa millonaria se reparti\u00f3 de la siguiente manera:<\/p>\n\n\n\n<p>* 255 millones 102 mil pesos para la empresa Amazing Trade de M\u00e9xico S.A. de C.V. (debe cubrir entre 421 mil 901 y hasta un mill\u00f3n 54 mil 752 servicios).<\/p>\n\n\n\n<p>* 76 millones 618 mil pesos para Profesionales en Comidas Industriales S.A. de C.V. (encargada de comedores regionales).<\/p>\n\n\n\n<p>* En las coordinaciones regionales, la licitaci\u00f3n revel\u00f3 que el gasto en alimentos se distribuye en Toluca (17.9 mdp), Jalisco (22.6 mdp), Puebla (13.3 mdp), Oaxaca (13.9 mdp) y Tlaxcala (8.7 mdp).<\/p>\n\n\n\n<p>COMEDORES DE LUJO<\/p>\n\n\n\n<p>El servicio de comedor del OAJ se organiza en un esquema de alimentaci\u00f3n de cuatro tiempos.<\/p>\n\n\n\n<p>En el primer tiempo incluir\u00e1 dos opciones diarias de sopa caldosa (pasta, cremas de verduras, consom\u00e9 o lentejas), con control de sal, condimentos y gramaje.<\/p>\n\n\n\n<p>El segundo tiempo contempla platillos como pasta, chilaquiles con queso y crema, verduras al vapor, huevo en distintas preparaciones y arroz en diversas presentaciones.<\/p>\n\n\n\n<p>El tercer tiempo estar\u00e1 integrado por cuatro opciones de plato fuerte con prote\u00edna donde resalta pollo, res, cerdo y pescado. Adem\u00e1s de una opci\u00f3n vegana, con carne magra y sin grasa ni hueso en el gramaje.<\/p>\n\n\n\n<p>\u201cLa porci\u00f3n de carne de cerdo y res utilizada en el men\u00fa deber\u00e1 ser magra. Adem\u00e1s, la porci\u00f3n servida debe ser fresca y suave y, en su caso, no considerar\u00e1 en el gramaje el contenido de grasa y hueso\u201d, se\u00f1ala el documento.<\/p>\n\n\n\n<p>Asimismo, el servicio se complementa con postres como gelatina light, frutas, helado, flan y pasteler\u00eda variada.<\/p>\n\n\n\n<p>OTROS LUJOS<\/p>\n\n\n\n<p>La Suprema Corte de Justicia de la Naci\u00f3n (SCJN), tambi\u00e9n ha estado envuelta en diversas pol\u00e9micas.<\/p>\n\n\n\n<p>El reciente arribo de los nuevos ministros se vio marcado por un \u201critual de purificaci\u00f3n\u201d en el z\u00f3calo capitalino, cuyo costo para el erario p\u00fablico ascendi\u00f3 a 1 mill\u00f3n 254 mil 121 pesos.<\/p>\n\n\n\n<p>La pol\u00e9mica no solo se centr\u00f3 en el monto del ritual, sino en el destino de los recursos donde se pagaron servicios para ese evento como ba\u00f1os VIP y banquetes, mientras que los l\u00edderes de pueblos originarios que oficiaron la ceremonia no recibieron remuneraci\u00f3n alguna.<\/p>\n\n\n\n<p>Otro esc\u00e1ndalo ocurri\u00f3 por la adquisici\u00f3n de 12 togas para los nuevos integrantes del pleno, con un gasto cercano a los 300 mil pesos, dada a conocer el pasado 26 de enero.<\/p>\n\n\n\n<p>A estas pol\u00e9micas se suma la reciente controversia por la compra de camionetas tipo Jeep Grand Cherokee m\u00e1s equipo de blindaje, cuyo costo por unidad habr\u00eda oscilado entre 1.7 y 3 millones de pesos.<\/p>\n","protected":false},"excerpt":{"rendered":"<p>Redacci\u00f3n\/Zona Roja Cdmx. (Informaci\u00f3n de Pol\u00edtico.Mx) Ciudad de M\u00e9xico, a 31 de enero de 2026.-&hellip;<\/p>\n","protected":false},"author":2,"featured_media":72562,"comment_status":"closed","ping_status":"open","sticky":false,"template":"","format":"standard","meta":{"_lmt_disableupdate":"","_lmt_disable":"","_jetpack_memberships_contains_paid_content":false,"footnotes":""},"categories":[109,47],"tags":[2878],"class_list":["post-89662","post","type-post","status-publish","format-standard","has-post-thumbnail","hentry","category-minuto-a-minuto","category-zona-gris","tag-suprema-corte-de-justicia-de-la-nacion-scjn"],"jetpack_featured_media_url":"https:\/\/zonaroja.com.mx\/wp-content\/uploads\/2024\/09\/Poder-Judicial-de-la-Federacion.jpg","jetpack_sharing_enabled":true,"_links":{"self":[{"href":"https:\/\/zonaroja.com.mx\/index.php?rest_route=\/wp\/v2\/posts\/89662","targetHints":{"allow":["GET"]}}],"collection":[{"href":"https:\/\/zonaroja.com.mx\/index.php?rest_route=\/wp\/v2\/posts"}],"about":[{"href":"https:\/\/zonaroja.com.mx\/index.php?rest_route=\/wp\/v2\/types\/post"}],"author":[{"embeddable":true,"href":"https:\/\/zonaroja.com.mx\/index.php?rest_route=\/wp\/v2\/users\/2"}],"replies":[{"embeddable":true,"href":"https:\/\/zonaroja.com.mx\/index.php?rest_route=%2Fwp%2Fv2%2Fcomments&post=89662"}],"version-history":[{"count":1,"href":"https:\/\/zonaroja.com.mx\/index.php?rest_route=\/wp\/v2\/posts\/89662\/revisions"}],"predecessor-version":[{"id":89663,"href":"https:\/\/zonaroja.com.mx\/index.php?rest_route=\/wp\/v2\/posts\/89662\/revisions\/89663"}],"wp:featuredmedia":[{"embeddable":true,"href":"https:\/\/zonaroja.com.mx\/index.php?rest_route=\/wp\/v2\/media\/72562"}],"wp:attachment":[{"href":"https:\/\/zonaroja.com.mx\/index.php?rest_route=%2Fwp%2Fv2%2Fmedia&parent=89662"}],"wp:term":[{"taxonomy":"category","embeddable":true,"href":"https:\/\/zonaroja.com.mx\/index.php?rest_route=%2Fwp%2Fv2%2Fcategories&post=89662"},{"taxonomy":"post_tag","embeddable":true,"href":"https:\/\/zonaroja.com.mx\/index.php?rest_route=%2Fwp%2Fv2%2Ftags&post=89662"}],"curies":[{"name":"wp","href":"https:\/\/api.w.org\/{rel}","templated":true}]}}