{"id":89664,"date":"2026-01-31T13:45:00","date_gmt":"2026-01-31T19:45:00","guid":{"rendered":"https:\/\/zonaroja.com.mx\/?p=89664"},"modified":"2026-01-31T08:08:42","modified_gmt":"2026-01-31T14:08:42","slug":"edil-de-oaxaca-capital-refrenda-alianza-con-el-sector-empresarial","status":"publish","type":"post","link":"https:\/\/zonaroja.com.mx\/?p=89664","title":{"rendered":"Edil de Oaxaca capital refrenda alianza con el sector empresarial"},"content":{"rendered":"\n<p>Redacci\u00f3n\/Zona Roja.<\/p>\n\n\n\n<p>Oaxaca, Oax., a 31 de enero de 2026.\u2013 El presidente municipal de Oaxaca de Ju\u00e1rez, Ray Chagoya, particip\u00f3 en la toma de protesta de la nueva Mesa Directiva de Canacintra Oaxaca, acto que congreg\u00f3 a representantes del sector industrial, empresarial y autoridades de los distintos \u00f3rdenes de gobierno.<\/p>\n\n\n\n<p>El evento cont\u00f3 con la presencia de la presidenta nacional de Canacintra, Lourdes Medina Ortega; del titular de la Secretar\u00eda de Desarrollo Econ\u00f3mico del Estado, Ra\u00fal Ruiz Robles; as\u00ed como del presidente de Canacintra Oaxaca, Alejandro Echaide Moreno, adem\u00e1s de expresidentes del organismo y la nueva Mesa Directiva.<\/p>\n\n\n\n<p>Durante su intervenci\u00f3n, Ray Chagoya destac\u00f3 que el desarrollo de Oaxaca de Ju\u00e1rez se fortalece cuando existe colaboraci\u00f3n entre el gobierno municipal y el sector productivo, subrayando que una ciudad ordenada, segura y con estabilidad genera confianza para la inversi\u00f3n y el crecimiento econ\u00f3mico.<\/p>\n\n\n\n<p>Asimismo, reconoci\u00f3 el papel de Canacintra como un actor estrat\u00e9gico para impulsar proyectos que detonen empleo, innovaci\u00f3n y bienestar para las familias de la capital, reiterando la disposici\u00f3n del ayuntamiento para mantener un di\u00e1logo permanente y una coordinaci\u00f3n institucional basada en resultados.<\/p>\n\n\n\n<p>El gobierno nunicipal de Oaxaca de Ju\u00e1rez reafirma su compromiso de trabajar de manera conjunta con el sector industrial y empresarial para consolidar una ciudad con mayores oportunidades y desarrollo sostenible.<\/p>\n\n\n\n<figure class=\"wp-block-embed is-type-rich is-provider-twitter wp-block-embed-twitter\"><div class=\"wp-block-embed__wrapper\">\n<div class=\"twitter-tweet\"><blockquote class=\"twitter-tweet\" data-lang=\"es\"><p lang=\"es\" dir=\"ltr\">Un gusto participar en este encuentro con el sector industrial junto a la Dra. Mar\u00eda de Lourdes Medina Ortega, presidenta nacional de CANACINTRA, y acompa\u00f1ar la toma de protesta del Lic. Alejandro Echaide.<br><br>El di\u00e1logo y la coordinaci\u00f3n con la industria son clave para impulsar\u2026 <a href=\"https:\/\/t.co\/NKlXcaLkzz\">pic.twitter.com\/NKlXcaLkzz<\/a><\/p>&mdash; Ray Chagoya (@raychagoya) <a href=\"https:\/\/twitter.com\/raychagoya\/status\/2017420563627610156?ref_src=twsrc%5Etfw\">31 de enero de 2026<\/a><\/blockquote><\/div>\n<\/div><\/figure>\n","protected":false},"excerpt":{"rendered":"<p>Redacci\u00f3n\/Zona Roja. Oaxaca, Oax., a 31 de enero de 2026.\u2013 El presidente municipal de Oaxaca&hellip;<\/p>\n","protected":false},"author":2,"featured_media":89666,"comment_status":"closed","ping_status":"open","sticky":false,"template":"","format":"standard","meta":{"_lmt_disableupdate":"","_lmt_disable":"","_jetpack_memberships_contains_paid_content":false,"footnotes":""},"categories":[109,46],"tags":[148,4403],"class_list":["post-89664","post","type-post","status-publish","format-standard","has-post-thumbnail","hentry","category-minuto-a-minuto","category-zona-blanca","tag-oaxaca-de-juarez","tag-ray-chagoya"],"jetpack_featured_media_url":"https:\/\/zonaroja.com.mx\/wp-content\/uploads\/2026\/01\/Ray-Chagoya-Oaxaca-y-Canacintra.jpeg","jetpack_sharing_enabled":true,"_links":{"self":[{"href":"https:\/\/zonaroja.com.mx\/index.php?rest_route=\/wp\/v2\/posts\/89664","targetHints":{"allow":["GET"]}}],"collection":[{"href":"https:\/\/zonaroja.com.mx\/index.php?rest_route=\/wp\/v2\/posts"}],"about":[{"href":"https:\/\/zonaroja.com.mx\/index.php?rest_route=\/wp\/v2\/types\/post"}],"author":[{"embeddable":true,"href":"https:\/\/zonaroja.com.mx\/index.php?rest_route=\/wp\/v2\/users\/2"}],"replies":[{"embeddable":true,"href":"https:\/\/zonaroja.com.mx\/index.php?rest_route=%2Fwp%2Fv2%2Fcomments&post=89664"}],"version-history":[{"count":1,"href":"https:\/\/zonaroja.com.mx\/index.php?rest_route=\/wp\/v2\/posts\/89664\/revisions"}],"predecessor-version":[{"id":89667,"href":"https:\/\/zonaroja.com.mx\/index.php?rest_route=\/wp\/v2\/posts\/89664\/revisions\/89667"}],"wp:featuredmedia":[{"embeddable":true,"href":"https:\/\/zonaroja.com.mx\/index.php?rest_route=\/wp\/v2\/media\/89666"}],"wp:attachment":[{"href":"https:\/\/zonaroja.com.mx\/index.php?rest_route=%2Fwp%2Fv2%2Fmedia&parent=89664"}],"wp:term":[{"taxonomy":"category","embeddable":true,"href":"https:\/\/zonaroja.com.mx\/index.php?rest_route=%2Fwp%2Fv2%2Fcategories&post=89664"},{"taxonomy":"post_tag","embeddable":true,"href":"https:\/\/zonaroja.com.mx\/index.php?rest_route=%2Fwp%2Fv2%2Ftags&post=89664"}],"curies":[{"name":"wp","href":"https:\/\/api.w.org\/{rel}","templated":true}]}}