{"id":8968,"date":"2020-02-19T22:01:58","date_gmt":"2020-02-20T04:01:58","guid":{"rendered":"http:\/\/www.zonaroja.com.mx\/?p=8968"},"modified":"2020-02-19T22:02:02","modified_gmt":"2020-02-20T04:02:02","slug":"enfrentamiento-entre-guardia-nacional-y-presuntos-delincuentes-en-la-cuenca","status":"publish","type":"post","link":"https:\/\/zonaroja.com.mx\/?p=8968","title":{"rendered":"Enfrentamiento entre Guardia Nacional y presuntos delincuentes en la Cuenca"},"content":{"rendered":"\n<p>Redacci\u00f3n\/Zona Roja.<\/p>\n\n\n\n<p>Oaxaca de Ju\u00e1rez, Oax., 19 de febrero\nde 2020.-&nbsp; Elementos de la Guardia\nNacional, con apoyo de la Polic\u00eda Estatal, se enfrentaron la tarde de este mi\u00e9rcoles\na un grupo armado que circulaban sobre la carretera federal 145, en\njurisdicci\u00f3n del municipio de San Juan Bautista Tuxtepec.<\/p>\n\n\n\n<p>Lo anterior dej\u00f3 como saldo preliminar un\nelemento herido y al menos seis sujetos detenidos, adem\u00e1s de dos camionetas\ndecomisadas y armamento de alto poder.<\/p>\n\n\n\n<p>Los reportes policiales indicaron que\nlos uniformados repelieron la agresi\u00f3n de personas que circulaban a bordo de\nuna camioneta cerrada cuando los elementos se dirig\u00edan al municipio de Loma\nBonita, donde minutos antes se registr\u00f3 otra balacera y la detenci\u00f3n de civiles\npor parte de la Guardia Nacional.<\/p>\n\n\n\n<p>El ataque en Tuxtepec se registr\u00f3 sobre\nla carretera federal que conecta a Tuxtepec con Loma Bonita, frente a la\nagencia de Benem\u00e9rito Ju\u00e1rez (Palogacho), detall\u00f3 el informe.<\/p>\n\n\n\n<p>La camioneta donde circulaban los\npolic\u00edas no contaba con identificaciones oficiales. La unidad de motor, color\nrojo, qued\u00f3 en medio de la carretera, con registro de varios impactos.&nbsp; En la refriega un elemento result\u00f3 lesionado.<\/p>\n\n\n\n<p>Mientras que la camioneta en la que\nviajaban los atacantes qued\u00f3 abandonada a orilla de la vialidad, a un costado\nde establecimientos y viviendas a pie de carretera.<\/p>\n\n\n\n<p>Los agresores lograron escapar, pero en\nel interior de la unidad se encontraron armas de grueso calibre, as\u00ed como\ngranadas, entre otro tipo de armas.&nbsp; La\nzona fue acordonada en su totalidad por varias horas.<\/p>\n\n\n\n<p>En tanto, en Loma Bonita elementos de\nla Guardia Nacional detuvieron a cuatro civiles que portaban armas de fuego y\nrealizaron varios disparos en su intento de huir.<\/p>\n\n\n\n<p>A su vez, la Secretar\u00eda de Seguridad\nP\u00fablica de Oaxaca inform\u00f3 que las acciones estuvieron encabezadas por la\nGuardia Nacional, pero con todo el respaldo de la Polic\u00eda Estatal de Oaxaca.<\/p>\n\n\n\n<p>Indic\u00f3 que mantiene estrecha\ncoordinaci\u00f3n con su similar de Veracruz y con el gobierno del estado vecino,\nas\u00ed como con la Guardia Nacional.<\/p>\n\n\n\n<p>Expuso que en el caso de Loma Bonita,\nlas acciones se derivaron de una intervenci\u00f3n de la Guardia Nacional, la cual\nse reitera tiene todo el respaldo, apoyo y coordinaci\u00f3n con las fuerzas\nestatales de seguridad<\/p>\n\n\n\n<p>\u201cNo se bajar\u00e1 la guardia en el combate\na los delitos en la regi\u00f3n de la Cuenca y la zona lim\u00edtrofe con Veracruz, as\u00ed\ncomo en el resto del estado\u201d, indic\u00f3.<\/p>\n","protected":false},"excerpt":{"rendered":"<p>Redacci\u00f3n\/Zona Roja. Oaxaca de Ju\u00e1rez, Oax., 19 de febrero de 2020.-&nbsp; Elementos de la Guardia&hellip;<\/p>\n","protected":false},"author":2,"featured_media":8969,"comment_status":"closed","ping_status":"open","sticky":false,"template":"","format":"standard","meta":{"_lmt_disableupdate":"","_lmt_disable":"","_jetpack_memberships_contains_paid_content":false,"footnotes":""},"categories":[109,51],"tags":[188,118],"class_list":["post-8968","post","type-post","status-publish","format-standard","has-post-thumbnail","hentry","category-minuto-a-minuto","category-zona-roja","tag-loma-bonita","tag-san-juan-bautista-tuxtepec"],"jetpack_featured_media_url":"https:\/\/zonaroja.com.mx\/wp-content\/uploads\/2020\/02\/Enfrentamiento-Cuenca.jpg","jetpack_sharing_enabled":true,"_links":{"self":[{"href":"https:\/\/zonaroja.com.mx\/index.php?rest_route=\/wp\/v2\/posts\/8968","targetHints":{"allow":["GET"]}}],"collection":[{"href":"https:\/\/zonaroja.com.mx\/index.php?rest_route=\/wp\/v2\/posts"}],"about":[{"href":"https:\/\/zonaroja.com.mx\/index.php?rest_route=\/wp\/v2\/types\/post"}],"author":[{"embeddable":true,"href":"https:\/\/zonaroja.com.mx\/index.php?rest_route=\/wp\/v2\/users\/2"}],"replies":[{"embeddable":true,"href":"https:\/\/zonaroja.com.mx\/index.php?rest_route=%2Fwp%2Fv2%2Fcomments&post=8968"}],"version-history":[{"count":1,"href":"https:\/\/zonaroja.com.mx\/index.php?rest_route=\/wp\/v2\/posts\/8968\/revisions"}],"predecessor-version":[{"id":8970,"href":"https:\/\/zonaroja.com.mx\/index.php?rest_route=\/wp\/v2\/posts\/8968\/revisions\/8970"}],"wp:featuredmedia":[{"embeddable":true,"href":"https:\/\/zonaroja.com.mx\/index.php?rest_route=\/wp\/v2\/media\/8969"}],"wp:attachment":[{"href":"https:\/\/zonaroja.com.mx\/index.php?rest_route=%2Fwp%2Fv2%2Fmedia&parent=8968"}],"wp:term":[{"taxonomy":"category","embeddable":true,"href":"https:\/\/zonaroja.com.mx\/index.php?rest_route=%2Fwp%2Fv2%2Fcategories&post=8968"},{"taxonomy":"post_tag","embeddable":true,"href":"https:\/\/zonaroja.com.mx\/index.php?rest_route=%2Fwp%2Fv2%2Ftags&post=8968"}],"curies":[{"name":"wp","href":"https:\/\/api.w.org\/{rel}","templated":true}]}}