{"id":8971,"date":"2020-02-19T22:26:26","date_gmt":"2020-02-20T04:26:26","guid":{"rendered":"http:\/\/www.zonaroja.com.mx\/?p=8971"},"modified":"2020-02-19T22:26:29","modified_gmt":"2020-02-20T04:26:29","slug":"piden-organizaciones-al-congreso-de-oaxaca-legislar-sin-ideologias","status":"publish","type":"post","link":"https:\/\/zonaroja.com.mx\/?p=8971","title":{"rendered":"Piden organizaciones al Congreso de Oaxaca legislar sin ideolog\u00edas"},"content":{"rendered":"\n<p>Evlin Arag\u00f3n\/Zona Roja.<\/p>\n\n\n\n<p>Oaxaca de Ju\u00e1rez, Oax., 19 de febrero\nde 2020.- Representantes de siete organizaciones autonombradas Pro Familia acudieron\neste mi\u00e9rcoles al Congreso del Estado de Oaxaca para exigir a las y los\nlegisladores que se garantice la educaci\u00f3n libre de ideolog\u00eda, basada en\nprincipios cient\u00edficos y biol\u00f3gicos. <\/p>\n\n\n\n<p>As\u00ed lo expusieron en un documento que leyeron\na los medios de comunicaci\u00f3n, a quienes previamente se invit\u00f3 a dar cobertura a\nsu pronunciamiento que titularon \u201cPor la vida, la familia y las libertades\u201d, en\nel que evidencian su preocupaci\u00f3n por las iniciativas de reformar la educaci\u00f3n\nde sus hijos e hijas, permitiendo qu\u00e9 ideolog\u00edas contrarias a los valores\nfundamentales sean ense\u00f1adas desde la infancia en la escuela.<\/p>\n\n\n\n<p>Anunciaron que est\u00e1n al tanto de la\niniciativas al interior de las comisiones de Educaci\u00f3n e Igualdad de G\u00e9nero\n-las cuales no explican en qu\u00e9 consisten- y aseguraron que no permitir\u00e1n que\nsus hijos sean adoctrinados con ideas que carecen de sustento cient\u00edfico. <\/p>\n\n\n\n<p>\u201cComo padres de familia hacemos un\nllamado a nuestros legisladores a que atiendan las verdaderas necesidades.\nExisten problemas de mayor gravedad en materia de educaci\u00f3n, salud y seguridad\nque si necesitan ser regulados. Es m\u00e1s que evidente que atravesamos un momento\ncr\u00edtico. La violencia se acrecienta y lo que m\u00e1s nos importa es la seguridad de\nnuestros peque\u00f1os\u201d, refiere el documento. <\/p>\n\n\n\n<p>Pidieron que sus inquietudes sean\nescuchadas por las y los diputados, quienes dijeron tienen la obligaci\u00f3n de\nlegislar para todas y todos, incluso les propusieron concentrar sus esfuerzos\nen leyes que garanticen la integridad f\u00edsica, emocional y mental de la ni\u00f1ez\noaxaque\u00f1a al interior de los centro escolares. <\/p>\n\n\n\n<p>Las organizaciones firmantes fueron: la\nAsociaci\u00f3n Oaxaque\u00f1a de Padres de Familia, Movimiento C\u00edvico, Frente Nacional\npor la Familia, Se\u00f1ales, Red Familia, Generaci\u00f3n Pro Vida Oaxaca, Iniciativa\nCiudadana por la Vida y la Familia, entre otras. <\/p>\n\n\n\n<p>Desde hace alguno a\u00f1os y a nivel\nglobal, grupos religiosas y organizaciones autonombradas Pro Familia y Pro Vida\nse oponen al matrimonio entre personas del mismo sexo y la adopci\u00f3n\nhomoparental, los derechos de las personas trans, la educaci\u00f3n sexual en las\nescuelas y el aborto, todo bajo el estandarte de los derechos de los ni\u00f1os y\nni\u00f1as, y de la protecci\u00f3n de la familia \u201cnatural\u201d.<\/p>\n\n\n\n<p>A la r\u00e9plica o ense\u00f1anza de cualquiera\nde los&nbsp; temas antes citados le han\ndenominado \u201cideolog\u00eda de g\u00e9nero\u201d que de acuerdo con sus declaraciones pretende\nnegar las \u201cdiferencias naturales\u201d que existen entre hombres y mujeres y que\nest\u00e1 permeando las leyes de m\u00faltiples pa\u00edses. <\/p>\n\n\n\n<p>En el 2019, la LIV Legislatura aval\u00f3 el\nmatrimonio entre personas del mismo sexo y el aborto antes de las doce semanas\nde gestaci\u00f3n, ambas acciones fueron rechazadas por estos grupos, sin embargo en\nOaxaca se pueden realizar con estricto respecto al marco legal vigente.<\/p>\n","protected":false},"excerpt":{"rendered":"<p>Evlin Arag\u00f3n\/Zona Roja. Oaxaca de Ju\u00e1rez, Oax., 19 de febrero de 2020.- Representantes de siete&hellip;<\/p>\n","protected":false},"author":2,"featured_media":8972,"comment_status":"closed","ping_status":"open","sticky":false,"template":"","format":"standard","meta":{"_lmt_disableupdate":"","_lmt_disable":"","_jetpack_memberships_contains_paid_content":false,"footnotes":""},"categories":[109,47],"tags":[1062],"class_list":["post-8971","post","type-post","status-publish","format-standard","has-post-thumbnail","hentry","category-minuto-a-minuto","category-zona-gris","tag-provida-oaxaca"],"jetpack_featured_media_url":"https:\/\/zonaroja.com.mx\/wp-content\/uploads\/2020\/02\/Grupos-Pro-Vida.png","jetpack_sharing_enabled":true,"_links":{"self":[{"href":"https:\/\/zonaroja.com.mx\/index.php?rest_route=\/wp\/v2\/posts\/8971","targetHints":{"allow":["GET"]}}],"collection":[{"href":"https:\/\/zonaroja.com.mx\/index.php?rest_route=\/wp\/v2\/posts"}],"about":[{"href":"https:\/\/zonaroja.com.mx\/index.php?rest_route=\/wp\/v2\/types\/post"}],"author":[{"embeddable":true,"href":"https:\/\/zonaroja.com.mx\/index.php?rest_route=\/wp\/v2\/users\/2"}],"replies":[{"embeddable":true,"href":"https:\/\/zonaroja.com.mx\/index.php?rest_route=%2Fwp%2Fv2%2Fcomments&post=8971"}],"version-history":[{"count":1,"href":"https:\/\/zonaroja.com.mx\/index.php?rest_route=\/wp\/v2\/posts\/8971\/revisions"}],"predecessor-version":[{"id":8973,"href":"https:\/\/zonaroja.com.mx\/index.php?rest_route=\/wp\/v2\/posts\/8971\/revisions\/8973"}],"wp:featuredmedia":[{"embeddable":true,"href":"https:\/\/zonaroja.com.mx\/index.php?rest_route=\/wp\/v2\/media\/8972"}],"wp:attachment":[{"href":"https:\/\/zonaroja.com.mx\/index.php?rest_route=%2Fwp%2Fv2%2Fmedia&parent=8971"}],"wp:term":[{"taxonomy":"category","embeddable":true,"href":"https:\/\/zonaroja.com.mx\/index.php?rest_route=%2Fwp%2Fv2%2Fcategories&post=8971"},{"taxonomy":"post_tag","embeddable":true,"href":"https:\/\/zonaroja.com.mx\/index.php?rest_route=%2Fwp%2Fv2%2Ftags&post=8971"}],"curies":[{"name":"wp","href":"https:\/\/api.w.org\/{rel}","templated":true}]}}