{"id":8974,"date":"2020-02-19T22:33:02","date_gmt":"2020-02-20T04:33:02","guid":{"rendered":"http:\/\/www.zonaroja.com.mx\/?p=8974"},"modified":"2020-02-19T22:33:05","modified_gmt":"2020-02-20T04:33:05","slug":"estudiantes-recriminan-nula-vigilancia-policial-e-impunidad-en-fiscalia","status":"publish","type":"post","link":"https:\/\/zonaroja.com.mx\/?p=8974","title":{"rendered":"Estudiantes recriminan nula vigilancia policial e impunidad en Fiscal\u00eda"},"content":{"rendered":"\n<p>Evlin Arag\u00f3n\/Zona Roja.<\/p>\n\n\n\n<p>Oaxaca de Ju\u00e1rez, Oax., 19 de febrero\nde 2020.- Bajo la consigna de que \u201cllega m\u00e1s r\u00e1pido una pizza que un polic\u00eda\u201d,\nal menos mil estudiantes del Centro de Bachillerato Tecnol\u00f3gico, Industrial y\nde Servicios (CBTIS) 26 de Oaxaca marcharon hoy en la capital, para exigir\nseguridad y justicia.<\/p>\n\n\n\n<p>Los manifestantes marcharon de la\nfuente de las Ocho Regiones, cerca del plantel, ubicado en la calzada San\nFelipe del Agua, hacia la Plaza de la Danza, donde recriminaron a la autoridad\nmunicipal que encabeza el dil Oswaldo Garc\u00eda Jarqu\u00edn, la grave inseguridad.<\/p>\n\n\n\n<p>En tanto, el padre de una estudiante agredida\nsexualmente al interior de una unidad de transporte p\u00fablico, el pasado 13 de\nfebrero, acus\u00f3 a la Fiscal\u00eda General del Estado de Oaxaca de actuar con\nlentitud para atender la denuncia y realizar el retrato hablado del sujeto que\nse dio a la fuga luego de atacar a su hija.<\/p>\n\n\n\n<p>En entrevista para el noticiero\nmatutino de \u201cLa Z\u201d y durante la marcha, el tutor de la joven asegur\u00f3 que en\nd\u00edas pasados acudieron a las instalaciones de la Fiscal\u00eda para realizar el\nretrato hablado del sujeto, sin embargo, el trato y el tiempo que transcurri\u00f3\npara que fuera atendido el caso no es, ni ser\u00e1 nunca el ideal para atender a\nlas v\u00edctimas de cualquier delito.<\/p>\n\n\n\n<p>\u201cNosotros el d\u00eda lunes estuvimos m\u00e1s de\ncinco horas en las instalaciones de la Fiscal\u00eda para hacer el retrato hablado,\nse entiende que no somos los \u00fanicos que tenemos el problema pero se espera un\npoco m\u00e1s de sensibilidad.<\/p>\n\n\n\n<p>Hay una enorme apat\u00eda por parte del\npersonal\u201d, denunci\u00f3.<\/p>\n\n\n\n<p>Lo anterior pese a que en sus redes\nsociales la Fiscal\u00eda de Oaxaca presume la disminuci\u00f3n en el tiempo de atenci\u00f3n\nde los casos, as\u00ed como la aprehensi\u00f3n de un importante n\u00famero de agresores de\nmujeres, de quienes no informa su proceso penal actual.<\/p>\n\n\n\n<p>As\u00ed mismo el padre de familia cuestion\u00f3\nlos rondines de seguridad que se llevan a cabo en la capital del Oaxaca, los\ncuales detall\u00f3 deber\u00edan realizarse con un mayor compromiso de garantizar la\nseguridad de las personas, ya que muchas veces aunque exista presencia polic\u00eda\nse llevan a cabo los actos delictivos como el acoso y violencia sexual del que\nfue v\u00edctima su hija.<\/p>\n\n\n\n<p>Record\u00f3 que en el ataque existi\u00f3\ncomplicidad por parte del chofer de la unidad B-307 de la empresa Transportes\nUrbanos y Sub-Urbanos Guelatao (Tusug), quien con se\u00f1as se comunic\u00f3 con el\nagresor -al menos de eso se pudo percatar la v\u00edctima- y no intervino pese a los\ngritos de auxilio de la joven.<\/p>\n\n\n\n<p>\u201cNo es posible que escuchando los\ngritos de ayuda el chofer no haya intervenido, es evidente que existe\ncomplicidad entre ambos y de ello se pudo percatar mi hija desde el momento en\nque se subi\u00f3 el agresor\u201d, dijo el padre de familia en entrevista.<\/p>\n\n\n\n<p>Fue el pasado 13 de febrero que al\ninterior de una unidad de transporte p\u00fablico que transitaba en inmediaciones de\nla colonia Volcanes, una joven estudiante del CBTIS 26 fue v\u00edctima de violencia\nsexual, intento de secuestro y robo por parte de un sujeto que se dio a la fuga\nante la permisividad del chofer del veh\u00edculo.<\/p>\n\n\n\n<p>Tras varias horas, el edil Oswaldo\nGarc\u00eda atendi\u00f3 a estudiantes, padres de familia y docentes, donde se\ncomprometi\u00f3 a redoblar la vigilancia en la zona.<\/p>\n","protected":false},"excerpt":{"rendered":"<p>Evlin Arag\u00f3n\/Zona Roja. Oaxaca de Ju\u00e1rez, Oax., 19 de febrero de 2020.- Bajo la consigna&hellip;<\/p>\n","protected":false},"author":2,"featured_media":8975,"comment_status":"closed","ping_status":"open","sticky":false,"template":"","format":"standard","meta":{"_lmt_disableupdate":"","_lmt_disable":"","_jetpack_memberships_contains_paid_content":false,"footnotes":""},"categories":[109,47],"tags":[1397],"class_list":["post-8974","post","type-post","status-publish","format-standard","has-post-thumbnail","hentry","category-minuto-a-minuto","category-zona-gris","tag-cbtis-26"],"jetpack_featured_media_url":"https:\/\/zonaroja.com.mx\/wp-content\/uploads\/2020\/02\/Marcha-estudiantes-CBTIS.png","jetpack_sharing_enabled":true,"_links":{"self":[{"href":"https:\/\/zonaroja.com.mx\/index.php?rest_route=\/wp\/v2\/posts\/8974","targetHints":{"allow":["GET"]}}],"collection":[{"href":"https:\/\/zonaroja.com.mx\/index.php?rest_route=\/wp\/v2\/posts"}],"about":[{"href":"https:\/\/zonaroja.com.mx\/index.php?rest_route=\/wp\/v2\/types\/post"}],"author":[{"embeddable":true,"href":"https:\/\/zonaroja.com.mx\/index.php?rest_route=\/wp\/v2\/users\/2"}],"replies":[{"embeddable":true,"href":"https:\/\/zonaroja.com.mx\/index.php?rest_route=%2Fwp%2Fv2%2Fcomments&post=8974"}],"version-history":[{"count":1,"href":"https:\/\/zonaroja.com.mx\/index.php?rest_route=\/wp\/v2\/posts\/8974\/revisions"}],"predecessor-version":[{"id":8976,"href":"https:\/\/zonaroja.com.mx\/index.php?rest_route=\/wp\/v2\/posts\/8974\/revisions\/8976"}],"wp:featuredmedia":[{"embeddable":true,"href":"https:\/\/zonaroja.com.mx\/index.php?rest_route=\/wp\/v2\/media\/8975"}],"wp:attachment":[{"href":"https:\/\/zonaroja.com.mx\/index.php?rest_route=%2Fwp%2Fv2%2Fmedia&parent=8974"}],"wp:term":[{"taxonomy":"category","embeddable":true,"href":"https:\/\/zonaroja.com.mx\/index.php?rest_route=%2Fwp%2Fv2%2Fcategories&post=8974"},{"taxonomy":"post_tag","embeddable":true,"href":"https:\/\/zonaroja.com.mx\/index.php?rest_route=%2Fwp%2Fv2%2Ftags&post=8974"}],"curies":[{"name":"wp","href":"https:\/\/api.w.org\/{rel}","templated":true}]}}