{"id":8977,"date":"2020-02-20T07:20:17","date_gmt":"2020-02-20T13:20:17","guid":{"rendered":"http:\/\/www.zonaroja.com.mx\/?p=8977"},"modified":"2020-02-20T07:36:49","modified_gmt":"2020-02-20T13:36:49","slug":"mama-de-fatima-no-cree-que-detenida-haya-sido-capaz-de-matar-a-su-hija","status":"publish","type":"post","link":"https:\/\/zonaroja.com.mx\/?p=8977","title":{"rendered":"Mam\u00e1 de F\u00e1tima no cree que detenida haya sido capaz de matar a su hija"},"content":{"rendered":"\n<p>Redacci\u00f3n\/Zona Roja Cdmx.<\/p>\n\n\n\n<p>Ciudad de M\u00e9xico, 20 de febrero de 2020.- Magdalena Ant\u00f3n, mam\u00e1 de F\u00e1tima, no puede creer que la mujer implicada en el plagio y feminicidio de su hija sea la misma que estuvo viviendo en su casa durante algunas semanas.  Anoche, ella y su pareja Mario Alberto \u00abN\u00bb, fueron detenidos en el Estado de M\u00e9xico.<\/p>\n\n\n\n<p>\u201cNo se ve que sea psic\u00f3pata ni que\ntenga la sangre tan fr\u00eda ni el coraz\u00f3n inhumano. Ella no act\u00faa as\u00ed\u201d, respondi\u00f3\na MILENIO. <\/p>\n\n\n\n<p>Despu\u00e9s del sepelio de la peque\u00f1a de\nsiete a\u00f1os, Magdalena busc\u00f3 refugio en casa de una vecina, quien le dispuso un\ncuarto por un par de noches, comida y ropa limpia para ella y su hijo Francisco\nde 10 a\u00f1os. <\/p>\n\n\n\n<p>No quiere volver al lugar en el que\nvivi\u00f3 con F\u00e1tima, porque tiene miedo, aunque no sabe decir a qu\u00e9. Cuando vio\nlas fotograf\u00edas de Giovana &#8216;N&#8217; y Mario Alberto &#8216;N&#8217;, presuntos responsables del\ncrimen de su peque\u00f1a, su rostro perdi\u00f3 expresi\u00f3n.<\/p>\n\n\n\n<p>Tard\u00f3 12 segundos en preguntar si ellos\nhab\u00edan matado a su ni\u00f1a&#8230; <\/p>\n\n\n\n<p>&#8211;\u00bfReconoces a uno de los dos? <\/p>\n\n\n\n<p>&#8211;A ella. <\/p>\n\n\n\n<p>&#8211;\u00bfA Giovana &#8216;N&#8217; s\u00ed la reconoces? <\/p>\n\n\n\n<p>&#8211;S\u00ed, ella viv\u00eda en mi casa.<\/p>\n\n\n\n<p>&#8211;\u00bfQu\u00e9 parentesco ten\u00eda contigo? <\/p>\n\n\n\n<p>&#8211;No, no ten\u00eda ninguno. <\/p>\n\n\n\n<p>&#8211;\u00bfSolo viv\u00eda en tu casa?, \u00bfEra amiga? <\/p>\n\n\n\n<p>&#8211;S\u00ed, era amiga. La conoc\u00ed en casa de\nun se\u00f1or que se llama \u00c1lvaro, que vende tamales aqu\u00ed a dos cuadras. Al parecer\nella estaba huyendo de su marido, porque la hab\u00eda querido golpear y quemar. Le\ndije: \u201cBueno, ok, no te preocupes. Vente a mi casa. Nada m\u00e1s eso s\u00ed, yo te voy\na pedir que me eches la mano con 300 pesos cada mes\u201d. <\/p>\n\n\n\n<p>&#8211;\u00bfCu\u00e1nto tiempo vivi\u00f3 en tu casa? <\/p>\n\n\n\n<p>&#8211;Desde noviembre&#8230; Ella estuvo, no\ns\u00e9, no estuvo mucho, nada m\u00e1s estaba de entrada por salida. Se quedaba un d\u00eda y\nse iba, se retiraba. <\/p>\n\n\n\n<p>&#8211;\u00bfPor qu\u00e9 se fue de tu casa? <\/p>\n\n\n\n<p>&#8211;Vino y dijo que se iba, porque su\nmarido la quer\u00eda matar y que se hab\u00eda llevado a sus hijos de aqu\u00ed. <\/p>\n\n\n\n<p>&#8211;\u00bfAlguna vez con esta mujer tuviste\nalg\u00fan pleito o se enoj\u00f3 contigo por algo? <\/p>\n\n\n\n<p>&#8211;Nunca, jam\u00e1s, pero con mi hermano s\u00ed\nse enoj\u00f3. Es que mi hermano Fernando s\u00ed le hablaba muy feo, pero pues, no s\u00e9.\nCreo le ca\u00eda mal, nada m\u00e1s. <\/p>\n\n\n\n<p>&#8211;La conociste hace apenas unas\nsemanas. Ofrecieron 2 millones de pesos por su captura. Es la sospechosa del\nplagio y feminicidio de F\u00e1tima&#8230; <\/p>\n\n\n\n<p>&#8211;Probablemente su marido sea el\nasesino, porque a ella no la creo capaz, pero pues ella tambi\u00e9n fue su\nc\u00f3mplice; se llev\u00f3 a mi hija, \u00bfno? Al final de cuentas los dos tienen que\npagar. <\/p>\n\n\n\n<p>&#8211;\u00bfPor qu\u00e9 no la crees capaz?<\/p>\n\n\n\n<p>&#8211;Ella tiene dos hijas y una madre que\ntiene dos ni\u00f1as no creo que sea capaz de lastimar a otra; se lo digo yo, porque\na m\u00ed me consideran enferma mentalmente, pero jam\u00e1s lastimar\u00eda a ning\u00fan ni\u00f1o&#8230;\ny pues s\u00ed, me re patina el coco, pero no soy asesina. <\/p>\n\n\n\n<p>&#8211;\u00bfC\u00f3mo era el trato de Giovana hacia\nF\u00e1tima? <\/p>\n\n\n\n<p>&#8211;Ella nunca maltrat\u00f3 a mi hija.\nConvivi\u00f3 con nosotros y nunca maltrat\u00f3 a ninguno de mis hijos ni los jalone\u00f3 ni\nles grit\u00f3 ni nada. A m\u00ed se me hace incoherente que ellos quieran culpar a esta\npersona. <\/p>\n\n\n\n<p>&#8211;Pero, \u00bfqu\u00e9 tal si fuera cierto? \u00bfQu\u00e9\ntal si Giovana fuera la mujer de los videos?, la que se llev\u00f3 a F\u00e1tima. \u00bfQu\u00e9\ntal si su esposo, Mario Alberto &#8216;N&#8217;, es tambi\u00e9n el c\u00f3mplice de su feminicidio? <\/p>\n\n\n\n<p>&#8211;Siento que probablemente la mand\u00f3 el\nse\u00f1or Alan Herrera. Est\u00e1n implicados ellos dos y el se\u00f1or. <\/p>\n\n\n\n<p>De acuerdo con la Fiscal\u00eda capitalina,\nAlan Herrera muri\u00f3 hace a\u00f1os, sin embargo, se le insiste: <\/p>\n\n\n\n<p>&#8211;\u00bfAlan Herrera?, \u00bfEs la persona que,\ndices, mat\u00f3 a tu hermana? <\/p>\n\n\n\n<p>&#8211;S\u00ed. <\/p>\n\n\n\n<p>&#8211;Malena, tu pap\u00e1, el se\u00f1or Guillermo,\nme dijo que tu hermana est\u00e1 viva y radicando en Estados Unidos. <\/p>\n\n\n\n<p>&#8211;No&#8230; tienen que agarrar a Alan Herrera. Si a ellos los agarran, tienen que hacerlos confesar. Que digan la verdad.<\/p>\n\n\n\n<p>(Informaci\u00f3n de \u00abMilenio Diario\u00bb)<\/p>\n","protected":false},"excerpt":{"rendered":"<p>Redacci\u00f3n\/Zona Roja Cdmx. Ciudad de M\u00e9xico, 20 de febrero de 2020.- Magdalena Ant\u00f3n, mam\u00e1 de&hellip;<\/p>\n","protected":false},"author":2,"featured_media":8978,"comment_status":"closed","ping_status":"open","sticky":false,"template":"","format":"standard","meta":{"_lmt_disableupdate":"","_lmt_disable":"","_jetpack_memberships_contains_paid_content":false,"footnotes":""},"categories":[109,51],"tags":[1398],"class_list":["post-8977","post","type-post","status-publish","format-standard","has-post-thumbnail","hentry","category-minuto-a-minuto","category-zona-roja","tag-detenidos-caso-fatima"],"jetpack_featured_media_url":"https:\/\/zonaroja.com.mx\/wp-content\/uploads\/2020\/02\/Detenido-caso-F\u00e1tima.jpg","jetpack_sharing_enabled":true,"_links":{"self":[{"href":"https:\/\/zonaroja.com.mx\/index.php?rest_route=\/wp\/v2\/posts\/8977","targetHints":{"allow":["GET"]}}],"collection":[{"href":"https:\/\/zonaroja.com.mx\/index.php?rest_route=\/wp\/v2\/posts"}],"about":[{"href":"https:\/\/zonaroja.com.mx\/index.php?rest_route=\/wp\/v2\/types\/post"}],"author":[{"embeddable":true,"href":"https:\/\/zonaroja.com.mx\/index.php?rest_route=\/wp\/v2\/users\/2"}],"replies":[{"embeddable":true,"href":"https:\/\/zonaroja.com.mx\/index.php?rest_route=%2Fwp%2Fv2%2Fcomments&post=8977"}],"version-history":[{"count":2,"href":"https:\/\/zonaroja.com.mx\/index.php?rest_route=\/wp\/v2\/posts\/8977\/revisions"}],"predecessor-version":[{"id":8982,"href":"https:\/\/zonaroja.com.mx\/index.php?rest_route=\/wp\/v2\/posts\/8977\/revisions\/8982"}],"wp:featuredmedia":[{"embeddable":true,"href":"https:\/\/zonaroja.com.mx\/index.php?rest_route=\/wp\/v2\/media\/8978"}],"wp:attachment":[{"href":"https:\/\/zonaroja.com.mx\/index.php?rest_route=%2Fwp%2Fv2%2Fmedia&parent=8977"}],"wp:term":[{"taxonomy":"category","embeddable":true,"href":"https:\/\/zonaroja.com.mx\/index.php?rest_route=%2Fwp%2Fv2%2Fcategories&post=8977"},{"taxonomy":"post_tag","embeddable":true,"href":"https:\/\/zonaroja.com.mx\/index.php?rest_route=%2Fwp%2Fv2%2Ftags&post=8977"}],"curies":[{"name":"wp","href":"https:\/\/api.w.org\/{rel}","templated":true}]}}