{"id":8980,"date":"2020-02-20T07:29:17","date_gmt":"2020-02-20T13:29:17","guid":{"rendered":"http:\/\/www.zonaroja.com.mx\/?p=8980"},"modified":"2020-02-20T07:29:20","modified_gmt":"2020-02-20T13:29:20","slug":"confirman-asesinato-de-taxista-en-salina-cruz-y-de-activista-en-chauites","status":"publish","type":"post","link":"https:\/\/zonaroja.com.mx\/?p=8980","title":{"rendered":"Confirman asesinato de taxista en Salina Cruz y de activista en Chauites"},"content":{"rendered":"\n<p>Redacci\u00f3n\/Zona Roja.<\/p>\n\n\n\n<p>Oaxaca de Ju\u00e1rez, Oax., 20 de febrero\nde 2020.- Personal de la Vicefiscal\u00eda Regional del Istmo confirm\u00f3 el asesinato\nde un taxista, perpetrado ayer en la ciudad y puerto de Salina Cruz.<\/p>\n\n\n\n<p>Se trata del conductor de la unidad de\nalquiler del sitio \u201c12 de Mayo\u201d con n\u00famero econ\u00f3mico 058, identificado de\nmanera preliminar como Arturo, cuyo cuerpo fue hallado en un camino de\nterracer\u00eda que conduce a Playa Azul; su veh\u00edculo a\u00fan no ha sido localizado.<\/p>\n\n\n\n<p>De acuerdo con los reportes, a las 05:00\nhoras de \u00e9ste mi\u00e9rcoles fue reportado que un cuerpo estaba en el camino de\nterracer\u00eda, donde minutos antes escucharon detonaciones de arma de fuego.<\/p>\n\n\n\n<p>Los polic\u00edas arribaron al lugar y con\nel apoyo de personal param\u00e9dico confirmaron que el hombre ya no ten\u00eda signos\nvitales. Los polic\u00edas confirmaron que el hombre vest\u00eda una playera roja con un\npantal\u00f3n de mezclilla azul.<\/p>\n\n\n\n<p>Al lugar llegaron elementos de la\nPolic\u00eda Municipal y Guardia Nacional, as\u00ed como los de la Agencia Estatal de\nInvestigaciones (AEI) para el inicio de las indagaciones en torno al caso..<\/p>\n\n\n\n<p>Tras las diligencias, el cuerpo sin\nvida fue trasladado al pante\u00f3n municipal y del caso se inici\u00f3 el acta penal por\nel delito de homicidio.<\/p>\n\n\n\n<p>ERA ACTIVISTA<\/p>\n\n\n\n<p>Por otra parte, tambi\u00e9n autoridades\nministeriales confirmaron que el individuo asesinado la noche del martes en\nChauites era un activista, defensor de los recursos naturales en la regi\u00f3n del\nIstmo de Tehuantepec.<\/p>\n\n\n\n<p>Se trata de Modesto Valencia Baltazar quien\nfue atacado a balazos por sujetos desconocidos en la cabecera municipal.<\/p>\n\n\n\n<p>Sus compa\u00f1eros de lucha se\u00f1alaron como\nautor intelectual al edil, Leobardo Ramos L\u00e1zaro, por lo cual exigieron a la\nFiscal\u00eda General del Estado una indagatoria eficaz y \u00e1gil.<\/p>\n\n\n\n<p>Aseguraron que todo se debe a que\nModesto Valencia dirig\u00eda un movimiento contra el mun\u00edcipe por el presunto\ndesv\u00edo de m\u00e1s de 160 millones de pesos.<\/p>\n\n\n\n<p>La v\u00edctima fue identificada con el\nnombre de Modesto Valencia Baltazar, y los hechos se registraron en el barrio\nChorrera.<\/p>\n\n\n\n<p>Su cuerpo qued\u00f3 tendido afuera de su\ndomicilio particular con varios impactos de bala. Sobre sus atacantes a\u00fan no se\ntiene pista ni fueron identificados.<\/p>\n","protected":false},"excerpt":{"rendered":"<p>Redacci\u00f3n\/Zona Roja. Oaxaca de Ju\u00e1rez, Oax., 20 de febrero de 2020.- Personal de la Vicefiscal\u00eda&hellip;<\/p>\n","protected":false},"author":2,"featured_media":7486,"comment_status":"closed","ping_status":"open","sticky":false,"template":"","format":"standard","meta":{"_lmt_disableupdate":"","_lmt_disable":"","_jetpack_memberships_contains_paid_content":false,"footnotes":""},"categories":[109,51],"tags":[1212,1399],"class_list":["post-8980","post","type-post","status-publish","format-standard","has-post-thumbnail","hentry","category-minuto-a-minuto","category-zona-roja","tag-chahuites","tag-modesto-valencia-baltazar"],"jetpack_featured_media_url":"https:\/\/zonaroja.com.mx\/wp-content\/uploads\/2020\/01\/Escena-del-crimen7.jpg","jetpack_sharing_enabled":true,"_links":{"self":[{"href":"https:\/\/zonaroja.com.mx\/index.php?rest_route=\/wp\/v2\/posts\/8980","targetHints":{"allow":["GET"]}}],"collection":[{"href":"https:\/\/zonaroja.com.mx\/index.php?rest_route=\/wp\/v2\/posts"}],"about":[{"href":"https:\/\/zonaroja.com.mx\/index.php?rest_route=\/wp\/v2\/types\/post"}],"author":[{"embeddable":true,"href":"https:\/\/zonaroja.com.mx\/index.php?rest_route=\/wp\/v2\/users\/2"}],"replies":[{"embeddable":true,"href":"https:\/\/zonaroja.com.mx\/index.php?rest_route=%2Fwp%2Fv2%2Fcomments&post=8980"}],"version-history":[{"count":1,"href":"https:\/\/zonaroja.com.mx\/index.php?rest_route=\/wp\/v2\/posts\/8980\/revisions"}],"predecessor-version":[{"id":8981,"href":"https:\/\/zonaroja.com.mx\/index.php?rest_route=\/wp\/v2\/posts\/8980\/revisions\/8981"}],"wp:featuredmedia":[{"embeddable":true,"href":"https:\/\/zonaroja.com.mx\/index.php?rest_route=\/wp\/v2\/media\/7486"}],"wp:attachment":[{"href":"https:\/\/zonaroja.com.mx\/index.php?rest_route=%2Fwp%2Fv2%2Fmedia&parent=8980"}],"wp:term":[{"taxonomy":"category","embeddable":true,"href":"https:\/\/zonaroja.com.mx\/index.php?rest_route=%2Fwp%2Fv2%2Fcategories&post=8980"},{"taxonomy":"post_tag","embeddable":true,"href":"https:\/\/zonaroja.com.mx\/index.php?rest_route=%2Fwp%2Fv2%2Ftags&post=8980"}],"curies":[{"name":"wp","href":"https:\/\/api.w.org\/{rel}","templated":true}]}}